{"id":367718,"date":"2025-09-05T08:32:17","date_gmt":"2025-09-05T08:32:17","guid":{"rendered":"https:\/\/www.europesays.com\/fr\/367718\/"},"modified":"2025-09-05T08:32:17","modified_gmt":"2025-09-05T08:32:17","slug":"saint-etienne-le-week-end-de-la-vie-associative-commence-demain","status":"publish","type":"post","link":"https:\/\/www.europesays.com\/fr\/367718\/","title":{"rendered":"Saint-Etienne\u00a0: le week-end de la vie associative commence demain"},"content":{"rendered":"<p><img loading=\"lazy\" decoding=\"async\" width=\"1024\" height=\"576\" src=\"https:\/\/www.europesays.com\/fr\/wp-content\/uploads\/2025\/09\/esign-IF-49-1024x576.png\" alt=\"\" class=\"wp-image-59973\"  \/>Lors de l\u2019\u00e9dition 2023. \u00a9Ville de Saint-Etienne<\/p>\n<p>Samedi 6 et dimanche 7 septembre, le <a href=\"https:\/\/www.saint-etienne-parcexpo.com\/\" target=\"_blank\" rel=\"noreferrer noopener nofollow\">Parc expo<\/a> de Saint-Etienne accueille la 4\u00e8me \u00e9dition du Week-end de la vie associative, de 10h \u00e0 18h. Au total, vous pourrez \u00e9changer avec les membres de plus de 260 associations, regroup\u00e9es en trois p\u00f4les sur plus de 20 000 m\u00e8tres carr\u00e9s\u00a0: sports, sant\u00e9 et bien-\u00eatre\/ culture et cultures du monde\/ solidarit\u00e9, citoyennet\u00e9 et d\u00e9veloppement durable.<\/p>\n<p>600 b\u00e9n\u00e9voles<\/p>\n<p>\u00ab\u00a0Du billard au golf, du judo au babyfoot, du th\u00e9\u00e2tre \u00e0 la c\u00e9ramique, de la bande dessin\u00e9e au yoga, des ateliers de pr\u00e9vention routi\u00e8re \u00e0 la d\u00e9fense des droits de l\u2019Homme ou \u00e0 l\u2019\u00e9conomie sociale et solidaire\u00a0\u00bb, de nombreuses th\u00e9matiques seront abord\u00e9es. Annonc\u00e9s aussi plus de 500 d\u00e9monstrations et initiations, 30 projets associatifs innovants mis en valeur, la pr\u00e9sence de plus de 600 b\u00e9n\u00e9voles et de repr\u00e9sentants de neuf directions de la ville. <\/p>\n<p>Sur place, des jeux et animations pour petits et grands, ainsi qu\u2019un espace de restauration.<\/p>\n","protected":false},"excerpt":{"rendered":"Lors de l\u2019\u00e9dition 2023. \u00a9Ville de Saint-Etienne Samedi 6 et dimanche 7 septembre, le Parc expo de Saint-Etienne&hellip;\n","protected":false},"author":2,"featured_media":367719,"comment_status":"","ping_status":"","sticky":false,"template":"","format":"standard","meta":{"footnotes":""},"categories":[9653],"tags":[1111,11,2430,1777,674,1011,27,12,25,4001],"class_list":{"0":"post-367718","1":"post","2":"type-post","3":"status-publish","4":"format-standard","5":"has-post-thumbnail","7":"category-saint-etienne","8":"tag-actu","9":"tag-actualites","10":"tag-auvergne-rhone-alpes","11":"tag-eu","12":"tag-europe","13":"tag-fr","14":"tag-france","15":"tag-news","16":"tag-republique-francaise","17":"tag-saint-etienne"},"share_on_mastodon":{"url":"https:\/\/pubeurope.com\/@fr\/115150765725426605","error":""},"_links":{"self":[{"href":"https:\/\/www.europesays.com\/fr\/wp-json\/wp\/v2\/posts\/367718","targetHints":{"allow":["GET"]}}],"collection":[{"href":"https:\/\/www.europesays.com\/fr\/wp-json\/wp\/v2\/posts"}],"about":[{"href":"https:\/\/www.europesays.com\/fr\/wp-json\/wp\/v2\/types\/post"}],"author":[{"embeddable":true,"href":"https:\/\/www.europesays.com\/fr\/wp-json\/wp\/v2\/users\/2"}],"replies":[{"embeddable":true,"href":"https:\/\/www.europesays.com\/fr\/wp-json\/wp\/v2\/comments?post=367718"}],"version-history":[{"count":0,"href":"https:\/\/www.europesays.com\/fr\/wp-json\/wp\/v2\/posts\/367718\/revisions"}],"wp:featuredmedia":[{"embeddable":true,"href":"https:\/\/www.europesays.com\/fr\/wp-json\/wp\/v2\/media\/367719"}],"wp:attachment":[{"href":"https:\/\/www.europesays.com\/fr\/wp-json\/wp\/v2\/media?parent=367718"}],"wp:term":[{"taxonomy":"category","embeddable":true,"href":"https:\/\/www.europesays.com\/fr\/wp-json\/wp\/v2\/categories?post=367718"},{"taxonomy":"post_tag","embeddable":true,"href":"https:\/\/www.europesays.com\/fr\/wp-json\/wp\/v2\/tags?post=367718"}],"curies":[{"name":"wp","href":"https:\/\/api.w.org\/{rel}","templated":true}]}}