{"id":367720,"date":"2025-09-05T08:33:12","date_gmt":"2025-09-05T08:33:12","guid":{"rendered":"https:\/\/www.europesays.com\/fr\/367720\/"},"modified":"2025-09-05T08:33:12","modified_gmt":"2025-09-05T08:33:12","slug":"saint-etienne-decouvrir-la-vie-associative-les-6-et-7-septembre-2025","status":"publish","type":"post","link":"https:\/\/www.europesays.com\/fr\/367720\/","title":{"rendered":"Saint-\u00c9tienne : d\u00e9couvrir la vie associative les 6 et 7 septembre 2025"},"content":{"rendered":"<p><img loading=\"lazy\" decoding=\"async\" alt=\"\u00a9 Parc des expositions - Plus de 260 associations locales vont r\u00e9pondre au rendez-vous ce week-end \u00e0 Saint-Etienne.\" data-zoom-src=\"https:\/\/www.europesays.com\/fr\/wp-content\/uploads\/2025\/09\/initial-parc-des-expositions.jpg\" data-zoomable=\"\" height=\"702\" src=\"https:\/\/www.europesays.com\/fr\/wp-content\/uploads\/2025\/09\/initial-parc-des-expositions.jpg\" width=\"1248\"\/>  <\/p>\n<p class=\"article-desc\">\u00a9 Parc des expositions &#8211; Plus de 260 associations locales vont r\u00e9pondre au rendez-vous ce week-end \u00e0 Saint-Etienne. <\/p>\n<p>Les 6 et 7 septembre, le<strong> Parc des Expositions de Saint-\u00c9tienne <\/strong>accueillera le Week-end de la vie associative (WEVA). Plus de <strong>260 associations<\/strong> y pr\u00e9senteront leurs activit\u00e9s dans des domaines vari\u00e9s : sport, culture, environnement, solidarit\u00e9, bien-\u00eatre ou encore citoyennet\u00e9. <\/p>\n<p>Au programme : d\u00e9monstrations, initiations gratuites, rencontres et inscriptions sur place. Ce rendez-vous est aussi l\u2019occasion de s\u2019informer sur le b\u00e9n\u00e9volat et de s\u2019engager localement. <\/p>\n<p>Organis\u00e9 <strong>de 10 heures \u00e0 18 heures<\/strong>, l\u2019\u00e9v\u00e9nement est gratuit et ouvert \u00e0 tous.<\/p>\n","protected":false},"excerpt":{"rendered":"\u00a9 Parc des expositions &#8211; Plus de 260 associations locales vont r\u00e9pondre au rendez-vous ce week-end \u00e0 Saint-Etienne.&hellip;\n","protected":false},"author":2,"featured_media":367721,"comment_status":"","ping_status":"","sticky":false,"template":"","format":"standard","meta":{"footnotes":""},"categories":[9653],"tags":[1111,11,2430,1777,674,1011,27,12,25,4001,9893],"class_list":{"0":"post-367720","1":"post","2":"type-post","3":"status-publish","4":"format-standard","5":"has-post-thumbnail","7":"category-saint-etienne","8":"tag-actu","9":"tag-actualites","10":"tag-auvergne-rhone-alpes","11":"tag-eu","12":"tag-europe","13":"tag-fr","14":"tag-france","15":"tag-news","16":"tag-republique-francaise","17":"tag-saint-etienne","18":"tag-saint-etienne-mu00e9tropole"},"share_on_mastodon":{"url":"https:\/\/pubeurope.com\/@fr\/115150769567985022","error":""},"_links":{"self":[{"href":"https:\/\/www.europesays.com\/fr\/wp-json\/wp\/v2\/posts\/367720","targetHints":{"allow":["GET"]}}],"collection":[{"href":"https:\/\/www.europesays.com\/fr\/wp-json\/wp\/v2\/posts"}],"about":[{"href":"https:\/\/www.europesays.com\/fr\/wp-json\/wp\/v2\/types\/post"}],"author":[{"embeddable":true,"href":"https:\/\/www.europesays.com\/fr\/wp-json\/wp\/v2\/users\/2"}],"replies":[{"embeddable":true,"href":"https:\/\/www.europesays.com\/fr\/wp-json\/wp\/v2\/comments?post=367720"}],"version-history":[{"count":0,"href":"https:\/\/www.europesays.com\/fr\/wp-json\/wp\/v2\/posts\/367720\/revisions"}],"wp:featuredmedia":[{"embeddable":true,"href":"https:\/\/www.europesays.com\/fr\/wp-json\/wp\/v2\/media\/367721"}],"wp:attachment":[{"href":"https:\/\/www.europesays.com\/fr\/wp-json\/wp\/v2\/media?parent=367720"}],"wp:term":[{"taxonomy":"category","embeddable":true,"href":"https:\/\/www.europesays.com\/fr\/wp-json\/wp\/v2\/categories?post=367720"},{"taxonomy":"post_tag","embeddable":true,"href":"https:\/\/www.europesays.com\/fr\/wp-json\/wp\/v2\/tags?post=367720"}],"curies":[{"name":"wp","href":"https:\/\/api.w.org\/{rel}","templated":true}]}}