{"id":367725,"date":"2025-09-05T08:36:12","date_gmt":"2025-09-05T08:36:12","guid":{"rendered":"https:\/\/www.europesays.com\/fr\/367725\/"},"modified":"2025-09-05T08:36:12","modified_gmt":"2025-09-05T08:36:12","slug":"un-evenement-immanquable-du-nouveau-au-forum-des-associations-ce-samedi-a-toulon","status":"publish","type":"post","link":"https:\/\/www.europesays.com\/fr\/367725\/","title":{"rendered":"\u00ab\u00a0Un \u00e9v\u00e9nement immanquable\u00a0\u00bb: du nouveau au Forum des associations ce samedi \u00e0 Toulon"},"content":{"rendered":"<p>C\u2019est un rendez-vous devenu incontournable \u00e0 chaque rentr\u00e9e scolaire: le forum des associations et du b\u00e9n\u00e9volat. Organis\u00e9 dans de nombreuses communes, il rev\u00eat une dimension toute particuli\u00e8re \u00e0 Toulon.<\/p>\n<p>\u00ab\u00a0Pour plusieurs raisons, cet \u00e9v\u00e9nement est un immanquable, et nous le pr\u00e9parons depuis neuf mois\u00a0\u00bb, explique Caroline Depallens, adjointe en charge de l\u2019insertion et du b\u00e9n\u00e9volat.<\/p>\n<p>Pour cette \u00e9dition, la manifestation prend encore de l\u2019ampleur, \u00ab\u00a0avec <strong>330 associations r\u00e9unies, soit une trentaine de plus que l\u2019an dernier<\/strong>\u00ab\u00a0. Elles seront r\u00e9parties autour de diff\u00e9rentes th\u00e9matiques: <strong>solidarit\u00e9, sport, culture, d\u00e9veloppement durable, famille, jeunesse<\/strong> ou encore les seniors. Avec une nouveaut\u00e9 mise en avant cette ann\u00e9e: la <strong>sant\u00e9<\/strong>. Un large panel d\u2019activit\u00e9s pour tous les \u00e2ges.<\/p>\n<p><strong>Une journ\u00e9e pour s\u2019informer, rencontrer et s\u2019engager<\/strong><\/p>\n<p>Le forum se tiendra<strong> ce samedi, de 9h \u00e0 18h, au palais Neptune<\/strong> et mettra \u00e0 l\u2019honneur le dynamisme du tissu associatif local ainsi que l\u2019engagement des b\u00e9n\u00e9voles. Les Toulonnais auront l\u2019occasion de rencontrer ces b\u00e9n\u00e9voles, d\u00e9couvrir les associations et m\u00eame <strong>tester quelques activit\u00e9s<\/strong>.<\/p>\n<p>En effet, pour cette 6e \u00e9dition, le forum sera rythm\u00e9 par de nombreux temps forts. Vous pourrez, par exemple, participer \u00e0 des <strong>ateliers interactifs<\/strong>, observer des <strong>d\u00e9monstrations sportives ou artistiques<\/strong> et assister \u00e0 des conf\u00e9rences th\u00e9matiques. Des animations participatives qui vont probablement susciter des vocations&#8230;<\/p>\n<p>Objectif: mettre en lumi\u00e8re les actions locales, permettre \u00e0 chacun de s\u2019initier \u00e0 de nouvelles pratiques et favoriser l\u2019engagement citoyen.<\/p>\n<p><strong>Les quartiers et la proximit\u00e9 au c\u0153ur de l\u2019\u00e9v\u00e9nement<\/strong><\/p>\n<p>Autre point fort de l\u2019\u00e9dition: la pr\u00e9sence de 16 Comit\u00e9s d\u2019int\u00e9r\u00eat local. Tous viendront pr\u00e9senter les projets men\u00e9s dans les quartiers et les actions visant \u00e0 am\u00e9liorer le cadre de vie des habitants. Une belle opportunit\u00e9 de renforcer le lien social \u00e0 l\u2019\u00e9chelle locale.<\/p>\n<p>Depuis 2024, l\u2019\u00e9v\u00e9nement a chang\u00e9 de nom pour int\u00e9grer pleinement la dimension du b\u00e9n\u00e9volat. \u00ab\u00a0Nous avons d\u00e9cid\u00e9 d\u2019ajouter cette notion pour rendre hommage \u00e0 tous ces Toulonnais qui donnent de leur temps et font vivre les associations\u00a0\u00bb, pr\u00e9cise l\u2019\u00e9lue.<\/p>\n<p>Le forum vient ainsi compl\u00e9ter les actions municipales d\u00e9j\u00e0 en place pour faciliter la mise en relation entre habitants et associations. Un axe fort de la politique locale, qui saura s\u00e9duire un public toujours plus nombreux.<\/p>\n<p>En 2024, <strong>plus de 12.000 visiteurs<\/strong> ont r\u00e9pondu pr\u00e9sent.<\/p>\n<p>Ce samedi 6 septembre, de 9h \u00e0 18h au palais Neptune. Renseignements au 04.94.36.30.14.<\/p>\n","protected":false},"excerpt":{"rendered":"C\u2019est un rendez-vous devenu incontournable \u00e0 chaque rentr\u00e9e scolaire: le forum des associations et du b\u00e9n\u00e9volat. Organis\u00e9 dans&hellip;\n","protected":false},"author":2,"featured_media":367726,"comment_status":"","ping_status":"","sticky":false,"template":"","format":"standard","meta":{"footnotes":""},"categories":[9619],"tags":[1111,11,1777,674,1011,27,12,882,25,2310,1631],"class_list":{"0":"post-367725","1":"post","2":"type-post","3":"status-publish","4":"format-standard","5":"has-post-thumbnail","7":"category-toulon","8":"tag-actu","9":"tag-actualites","10":"tag-eu","11":"tag-europe","12":"tag-fr","13":"tag-france","14":"tag-news","15":"tag-provence-alpes-cote-dazur","16":"tag-republique-francaise","17":"tag-toulon","18":"tag-vie-associative"},"share_on_mastodon":{"url":"https:\/\/pubeurope.com\/@fr\/115150781650843424","error":""},"_links":{"self":[{"href":"https:\/\/www.europesays.com\/fr\/wp-json\/wp\/v2\/posts\/367725","targetHints":{"allow":["GET"]}}],"collection":[{"href":"https:\/\/www.europesays.com\/fr\/wp-json\/wp\/v2\/posts"}],"about":[{"href":"https:\/\/www.europesays.com\/fr\/wp-json\/wp\/v2\/types\/post"}],"author":[{"embeddable":true,"href":"https:\/\/www.europesays.com\/fr\/wp-json\/wp\/v2\/users\/2"}],"replies":[{"embeddable":true,"href":"https:\/\/www.europesays.com\/fr\/wp-json\/wp\/v2\/comments?post=367725"}],"version-history":[{"count":0,"href":"https:\/\/www.europesays.com\/fr\/wp-json\/wp\/v2\/posts\/367725\/revisions"}],"wp:featuredmedia":[{"embeddable":true,"href":"https:\/\/www.europesays.com\/fr\/wp-json\/wp\/v2\/media\/367726"}],"wp:attachment":[{"href":"https:\/\/www.europesays.com\/fr\/wp-json\/wp\/v2\/media?parent=367725"}],"wp:term":[{"taxonomy":"category","embeddable":true,"href":"https:\/\/www.europesays.com\/fr\/wp-json\/wp\/v2\/categories?post=367725"},{"taxonomy":"post_tag","embeddable":true,"href":"https:\/\/www.europesays.com\/fr\/wp-json\/wp\/v2\/tags?post=367725"}],"curies":[{"name":"wp","href":"https:\/\/api.w.org\/{rel}","templated":true}]}}