{"id":367727,"date":"2025-09-05T08:37:15","date_gmt":"2025-09-05T08:37:15","guid":{"rendered":"https:\/\/www.europesays.com\/fr\/367727\/"},"modified":"2025-09-05T08:37:15","modified_gmt":"2025-09-05T08:37:15","slug":"toulon-lamourante-dessins-de-pierre-alexandrine","status":"publish","type":"post","link":"https:\/\/www.europesays.com\/fr\/367727\/","title":{"rendered":"TOULON : \u00ab\u00a0L&rsquo;Amourante\u00a0\u00bb, dessins de Pierre ALEXANDRINE"},"content":{"rendered":"<p style=\"text-align: left;\"><strong>En cette semaine de rentr\u00e9e, il est temps, plus que jamais, de s\u2019\u00e9vader !<\/strong><\/p>\n<p style=\"text-align: left;\">Pour trouver une bonne raison de se lever, chercher un peu de magie ou d\u00e9nicher la joie l\u00e0 o\u00f9 on ne l\u2019attend pas, notre librairie vous ouvre grand ses bras !<\/p>\n<p style=\"text-align: left;\"><strong>Un amour infini<\/strong><\/p>\n<p style=\"text-align: left;\">L\u2019amourante est un titre singulier, vertigineux mais surtout maitris\u00e9. Nous ne vous en d\u00e9voilerons pas plus, car son histoire aux multiples rebondissements est particuli\u00e8rement agr\u00e9able \u00e0 lire ! Pierre Alexandrine livre ici un coup de c\u0153ur qui vous fera pleurer, voyager et rigoler \u00e0 de nombreuses occasions. \u00c0 lire sans h\u00e9sitation !<\/p>\n<p style=\"text-align: left;\"><a href=\"https:\/\/www.librairiecharlemagne.com\/livre\/24330493-l-amourante-pierre-alexandrine-glenat-bd\" rel=\"nofollow noopener\" target=\"_blank\">je le commande<\/a><\/p>\n<p style=\"text-align: left;\"><strong>SOURCE : Librairie Charlemagne Toulon.<\/strong><\/p>\n","protected":false},"excerpt":{"rendered":"En cette semaine de rentr\u00e9e, il est temps, plus que jamais, de s\u2019\u00e9vader ! Pour trouver une bonne&hellip;\n","protected":false},"author":2,"featured_media":367728,"comment_status":"","ping_status":"","sticky":false,"template":"","format":"standard","meta":{"footnotes":""},"categories":[9619],"tags":[1111,11,1777,674,1011,27,12,882,25,2310],"class_list":{"0":"post-367727","1":"post","2":"type-post","3":"status-publish","4":"format-standard","5":"has-post-thumbnail","7":"category-toulon","8":"tag-actu","9":"tag-actualites","10":"tag-eu","11":"tag-europe","12":"tag-fr","13":"tag-france","14":"tag-news","15":"tag-provence-alpes-cote-dazur","16":"tag-republique-francaise","17":"tag-toulon"},"share_on_mastodon":{"url":"https:\/\/pubeurope.com\/@fr\/115150785395618500","error":""},"_links":{"self":[{"href":"https:\/\/www.europesays.com\/fr\/wp-json\/wp\/v2\/posts\/367727","targetHints":{"allow":["GET"]}}],"collection":[{"href":"https:\/\/www.europesays.com\/fr\/wp-json\/wp\/v2\/posts"}],"about":[{"href":"https:\/\/www.europesays.com\/fr\/wp-json\/wp\/v2\/types\/post"}],"author":[{"embeddable":true,"href":"https:\/\/www.europesays.com\/fr\/wp-json\/wp\/v2\/users\/2"}],"replies":[{"embeddable":true,"href":"https:\/\/www.europesays.com\/fr\/wp-json\/wp\/v2\/comments?post=367727"}],"version-history":[{"count":0,"href":"https:\/\/www.europesays.com\/fr\/wp-json\/wp\/v2\/posts\/367727\/revisions"}],"wp:featuredmedia":[{"embeddable":true,"href":"https:\/\/www.europesays.com\/fr\/wp-json\/wp\/v2\/media\/367728"}],"wp:attachment":[{"href":"https:\/\/www.europesays.com\/fr\/wp-json\/wp\/v2\/media?parent=367727"}],"wp:term":[{"taxonomy":"category","embeddable":true,"href":"https:\/\/www.europesays.com\/fr\/wp-json\/wp\/v2\/categories?post=367727"},{"taxonomy":"post_tag","embeddable":true,"href":"https:\/\/www.europesays.com\/fr\/wp-json\/wp\/v2\/tags?post=367727"}],"curies":[{"name":"wp","href":"https:\/\/api.w.org\/{rel}","templated":true}]}}