{"id":367729,"date":"2025-09-05T08:38:09","date_gmt":"2025-09-05T08:38:09","guid":{"rendered":"https:\/\/www.europesays.com\/fr\/367729\/"},"modified":"2025-09-05T08:38:09","modified_gmt":"2025-09-05T08:38:09","slug":"futurapolis-sante-2025-la-ou-linnovation-medicale-sillumine","status":"publish","type":"post","link":"https:\/\/www.europesays.com\/fr\/367729\/","title":{"rendered":"Futurapolis Sant\u00e9 2025, l\u00e0 o\u00f9 l&rsquo;innovation m\u00e9dicale s&rsquo;illumine"},"content":{"rendered":"<p>            Par<br \/>\n        <strong><br \/>\n            <a href=\"https:\/\/actu.fr\/auteur\/metropoop\" title=\"Consulter tous les articles de R\u00e9daction M\u00e9tropolitain\" rel=\"nofollow noopener\" target=\"_blank\">R\u00e9daction M\u00e9tropolitain<\/a><br \/>\n        <\/strong><\/p>\n<p>        Publi\u00e9 le<\/p>\n<p>            5 sept. 2025 \u00e0 8h21<br \/>\n        ; mis \u00e0 jour le 5 sept. 2025 \u00e0 8h22    <\/p>\n<p><strong>Montpellier<\/strong> continue de prouver que son p\u00f4le sant\u00e9 n\u2019a rien \u00e0 envier aux grandes m\u00e9tropoles mondiales. Bien au contraire, la capitale h\u00e9raultaise confirme son statut de grande ville dans le domaine de la m\u00e9decine. De nombreux \u00e9v\u00e9nements sont organis\u00e9s autour de ce sujet, et parmi eux,<strong> Futurapolis Sant\u00e9<\/strong> se distingue comme le grand rendez-vous de l\u2019ann\u00e9e. Cette <strong>9e \u00e9dition<\/strong> ne devrait pas faire exception. \u00ab\u00a0Nous avons une chance incroyable de vivre \u00e0 une \u00e9poque o\u00f9 la science est particuli\u00e8rement riche, surtout \u00e0 Montpellier, avec un CHU de niveau exceptionnel\u00a0\u00bb, souligne <strong>Etienne Gernelle<\/strong>, directeur du <strong>Point<\/strong>, organisateur de l\u2019\u00e9v\u00e9nement.<\/p>\n<p class=\" wall-content\">Les <strong>10 et 11 octobre<\/strong> prochains, l\u2019<strong>Op\u00e9ra Com\u00e9die de Montpellier<\/strong> accueillera deux jours de conf\u00e9rences gratuites, d\u2019ateliers interactifs et de d\u00e9monstrations exclusives, offrant au public l\u2019opportunit\u00e9 de d\u00e9couvrir les derni\u00e8res avanc\u00e9es m\u00e9dicales et scientifiques sur des sujets majeurs tels que la g\u00e9n\u00e9tique, le cancer, la nutrition et l\u2019\u00e9pig\u00e9n\u00e9tique.<\/p>\n<p>L\u2019ADN au c\u0153ur de cette 9e \u00e9dition\u00a0<\/p>\n<p class=\" wall-content\">Organis\u00e9 par Le Point, avec le soutien de <strong>la Ville de Montpellier<\/strong>, de la <strong>M\u00e9tropole de Montpellier<\/strong>, de la <strong>R\u00e9gion Occitanie<\/strong> et de <strong>Medvall\u00e9e<\/strong>, l\u2019\u00e9v\u00e9nement mettra l\u2019ADN au c\u0153ur de cette \u00e9dition 2025. Si le sujet peut sembler complexe, Futurapolis Sant\u00e9 se distingue par sa volont\u00e9 de rendre la science accessible \u00e0 tous : \u00ab\u00a0La magie de Futurapolis, c\u2019est d\u2019\u00eatre \u00e0 la fois transg\u00e9n\u00e9rationnelle, en alliant excellence scientifique et d\u00e9contraction\u00a0\u00bb, se r\u00e9jouit <strong>Vincent Bounes<\/strong>, responsable du P\u00f4le de M\u00e9decine d\u2019Urgences au <strong>CHU de Toulouse<\/strong>.<\/p>\n<p class=\" wall-content\">\u00c0 travers une quinzaine de conf\u00e9rences, des expositions et des animations, l\u2019\u00e9v\u00e9nement offrira \u00e0 petits et grands l\u2019opportunit\u00e9 \u00ab\u00a0d\u2019explorer les d\u00e9couvertes qui transforment la m\u00e9decine\u00a0\u00bb, explique <strong>Anne Jeanblanc<\/strong>, responsable \u00e9ditoriale de l\u2019\u00e9v\u00e9nement. Des experts viendront y d\u00e9crypter les derni\u00e8res avanc\u00e9es sur l\u2019ADN et l\u2019ARN (Acide Ribonucl\u00e9ique), la pal\u00e9og\u00e9n\u00e9tique, la m\u00e9decine personnalis\u00e9e, ainsi que les nouvelles perspectives offertes par la th\u00e9rapie g\u00e9nique.<\/p>\n<p>Et puis ?<\/p>\n<p class=\" wall-content\">Une immersion dans les innovations m\u00e9dicales les plus r\u00e9centes sera \u00e9galement propos\u00e9e au premier \u00e9tage de l\u2019Op\u00e9ra Com\u00e9die, avec la<strong> Galerie des D\u00e9couvertes<\/strong>. Ce sera l\u2019occasion de tester des exosquelettes, de d\u00e9couvrir de nouvelles solutions de r\u00e9\u00e9ducation, des dispositifs de suivi connect\u00e9 de la sant\u00e9, des outils de diagnostic de derni\u00e8re g\u00e9n\u00e9ration, ainsi que des applications mobiles sp\u00e9cialement con\u00e7ues pour les diab\u00e9tiques.<\/p>\n<p>Vid\u00e9os : en ce moment sur Actu<\/p>\n<p class=\" wall-content\">Parall\u00e8lement, le public pourra participer \u00e0 <strong>l\u2019op\u00e9ration<\/strong> \u00ab\u00a0<strong>Testez votre forme<\/strong>\u00ab\u00a0, organis\u00e9e en partenariat avec le <strong>CHU de Montpellier<\/strong> et Medvall\u00e9e. Un parcours sant\u00e9 ludique et interactif sera mis en place pour permettre \u00e0 chacun de faire un point complet sur son \u00e9tat de sant\u00e9. Avant de commencer, un bilan de 10 \u00e0 15 minutes sera r\u00e9alis\u00e9, comprenant plusieurs tests : un test d\u2019\u00e9quilibre statique de 30 secondes, des tests de force de pr\u00e9hension et des membres inf\u00e9rieurs, ainsi qu\u2019un test d\u2019a\u00e9robic avec une mont\u00e9e de genoux de 2 minutes sur place. En compl\u00e9ment, une mesure de la microcirculation pourra \u00eatre r\u00e9alis\u00e9e sur rendez-vous (<a href=\"https:\/\/evenements.lepoint.fr\/futurapolis-sante\/programme\/\" rel=\"nofollow noopener\" target=\"_blank\">ICI<\/a>).<\/p>\n<p class=\" wall-content\">Ensuite, vous pourrez entamer votre parcours sant\u00e9 (au niveau mod\u00e9r\u00e9, \u00e9lev\u00e9 ou le parcours famille), puis vous rendre au stand d\u2019information pour r\u00e9cup\u00e9rer des fiches pr\u00e9sentant des structures locales proposant des activit\u00e9s physiques. Ce sera \u00e9galement l\u2019occasion d\u2019\u00e9changer avec un nutritionniste. Pr\u00e9voyez entre 1h15 et 1h30 pour l\u2019ensemble de l\u2019activit\u00e9.<\/p>\n<p>Votre r\u00e9gion, votre actu !<\/p>\n<p>Recevez chaque jour les infos qui comptent pour vous.<\/p>\n<p>\t<a href=\"https:\/\/actu.fr\/newsletter\" class=\"ac-btn ac-btn--corner ac-btn--medium ac-btn--blue800\" rel=\"nofollow noopener\" target=\"_blank\">S&rsquo;incrire<\/a><br \/>\n&gt;\u00a0<strong>Pratique : retrouvez l\u2019ensemble du programme et des activit\u00e9s sur le <a href=\"https:\/\/evenements.lepoint.fr\/futurapolis-sante\/programme\/\" rel=\"nofollow noopener\" target=\"_blank\">site de l\u2019\u00e9v\u00e9nement.<\/a>\u00a0<\/strong><\/p>\n<p class=\" wall-content\">Personnalisez votre actualit\u00e9 en ajoutant vos villes et m\u00e9dias en favori avec <a href=\"https:\/\/moncompte.actu.fr\" title=\"D\u00e9couvez Mon Actu\" rel=\"nofollow noopener\" data-trk=\"{&quot;cta&quot;:{&quot;action&quot;:&quot;https:\\\/\\\/moncompte.actu.fr&quot;,&quot;category&quot;:&quot;mon compte&quot;,&quot;from&quot;:&quot;article footer&quot;,&quot;name&quot;:&quot;Mon actu&quot;,&quot;type&quot;:&quot;cta&quot;}}\" target=\"_blank\">Mon Actu<\/a>.<\/p>\n","protected":false},"excerpt":{"rendered":"Par R\u00e9daction M\u00e9tropolitain Publi\u00e9 le 5 sept. 2025 \u00e0 8h21 ; mis \u00e0 jour le 5 sept. 2025&hellip;\n","protected":false},"author":2,"featured_media":367730,"comment_status":"","ping_status":"","sticky":false,"template":"","format":"standard","meta":{"footnotes":""},"categories":[9599],"tags":[1111,11,1777,674,1011,27,2208,12,2680,25,71,104],"class_list":{"0":"post-367729","1":"post","2":"type-post","3":"status-publish","4":"format-standard","5":"has-post-thumbnail","7":"category-montpellier","8":"tag-actu","9":"tag-actualites","10":"tag-eu","11":"tag-europe","12":"tag-fr","13":"tag-france","14":"tag-montpellier","15":"tag-news","16":"tag-occitanie","17":"tag-republique-francaise","18":"tag-sante","19":"tag-societe"},"share_on_mastodon":{"url":"https:\/\/pubeurope.com\/@fr\/115150789221443773","error":""},"_links":{"self":[{"href":"https:\/\/www.europesays.com\/fr\/wp-json\/wp\/v2\/posts\/367729","targetHints":{"allow":["GET"]}}],"collection":[{"href":"https:\/\/www.europesays.com\/fr\/wp-json\/wp\/v2\/posts"}],"about":[{"href":"https:\/\/www.europesays.com\/fr\/wp-json\/wp\/v2\/types\/post"}],"author":[{"embeddable":true,"href":"https:\/\/www.europesays.com\/fr\/wp-json\/wp\/v2\/users\/2"}],"replies":[{"embeddable":true,"href":"https:\/\/www.europesays.com\/fr\/wp-json\/wp\/v2\/comments?post=367729"}],"version-history":[{"count":0,"href":"https:\/\/www.europesays.com\/fr\/wp-json\/wp\/v2\/posts\/367729\/revisions"}],"wp:featuredmedia":[{"embeddable":true,"href":"https:\/\/www.europesays.com\/fr\/wp-json\/wp\/v2\/media\/367730"}],"wp:attachment":[{"href":"https:\/\/www.europesays.com\/fr\/wp-json\/wp\/v2\/media?parent=367729"}],"wp:term":[{"taxonomy":"category","embeddable":true,"href":"https:\/\/www.europesays.com\/fr\/wp-json\/wp\/v2\/categories?post=367729"},{"taxonomy":"post_tag","embeddable":true,"href":"https:\/\/www.europesays.com\/fr\/wp-json\/wp\/v2\/tags?post=367729"}],"curies":[{"name":"wp","href":"https:\/\/api.w.org\/{rel}","templated":true}]}}