{"id":367731,"date":"2025-09-05T08:39:09","date_gmt":"2025-09-05T08:39:09","guid":{"rendered":"https:\/\/www.europesays.com\/fr\/367731\/"},"modified":"2025-09-05T08:39:09","modified_gmt":"2025-09-05T08:39:09","slug":"alcoolise-et-sous-cocaine-un-sdf-propose-un-ordinateur-vole-a-un-policier","status":"publish","type":"post","link":"https:\/\/www.europesays.com\/fr\/367731\/","title":{"rendered":"alcoolis\u00e9 et sous coca\u00efne, un SDF propose un ordinateur vol\u00e9 \u00e0&#8230; un policier\u00a0!"},"content":{"rendered":"<p>            Par<br \/>\n        <strong><br \/>\n            <a href=\"https:\/\/actu.fr\/auteur\/jm-aubert\" title=\"Consulter tous les articles de Jean-Marc Aubert\" rel=\"nofollow noopener\" target=\"_blank\">Jean-Marc Aubert<\/a><br \/>\n        <\/strong><\/p>\n<p>        Publi\u00e9 le<\/p>\n<p>            5 sept. 2025 \u00e0 10h23        <\/p>\n<p>Ce n\u2019est pas la premi\u00e8re fois que cela arrive \u00e0 <strong>Montpellier<\/strong>, mais c\u2019est tout de m\u00eame tr\u00e8s rare : un <strong>SDF coca\u00efnomane<\/strong>\u00a0\u00e2g\u00e9 de 48 ans, b\u00e9n\u00e9ficiant de l\u2019allocation d\u2019adulte handicap\u00e9, a approch\u00e9 un pi\u00e9ton pour lui proposer de lui vendre un ordinateur vol\u00e9. Pas de chance, c\u2019\u00e9tait un policier de la <strong>brigade anticriminalit\u00e9<\/strong> -Bac- du commissariat central, en surveillance !\u00a0<\/p>\n<p>    <a href=\"https:\/\/www.google.com\/maps\/embed?pb=!1m18!1m12!1m3!1d4469.6094982728355!2d3.813767367127131!3d43.62410793546509!2m3!1f0!2f0!3f0!3m2!1i1024!2i768!4f13.1!3m3!1m2!1s0x12b6ac2526a39275%3A0xc26b87a0664f4ebd!2sAv.%20de%20Louisville%2C%2034080%20Montpellier!5e0!3m2!1sfr!2sfr!4v1757054380919!5m2!1sfr!2sfr\" title=\"Ouvrie le lien\" rel=\"nofollow noopener\" target=\"_blank\">Cliquez ici pour visualiser le contenu<\/a><\/p>\n<p class=\" wall-content\">La sc\u00e8ne s\u2019est d\u00e9roul\u00e9e ce mercredi 3 septembre 2025, vers 19h30, sur l\u2019avenue de Louisville, dans le quartier de la Mosson-la Paillade, o\u00f9 depuis la veille se d\u00e9roule une vaste op\u00e9ration de lutte contre le narcotrafic qui mobilise sur dix jours d\u2019importantes forces de police et de services publics, comme l\u2019unit\u00e9 de recherche des Finances publiques ou encore l\u2019Urssaf. Le pr\u00e9fet de l\u2019H\u00e9rault et le procureur de la R\u00e9publique de Montpellier ont d\u00e9cid\u00e9 de faire un grand m\u00e9nage.\u00a0<\/p>\n<p class=\" wall-content\">Ce policier en civil de la Bac \u00e9tait esseul\u00e9, adoss\u00e9 contre une voiture banalis\u00e9e, \u00e0 proximit\u00e9 de coll\u00e8gues de la m\u00eame unit\u00e9, pour effectuer des rep\u00e9rages et des surveillances dans le cadre de cette op\u00e9ration, quand un individu l\u2019a accost\u00e9. Ouvrant discr\u00e8tement un sac de supermarch\u00e9, il a montr\u00e9 un ordinateur vol\u00e9 et lui a propos\u00e9 de lui vendre 20\u20ac !\u00a0<\/p>\n<p class=\" wall-content\">\n<p class=\" wall-content\"><strong>\u00ab\u00a0Police !\u00a0\u00bb<\/strong> l\u2019informe illico le gardien de la paix, qui proc\u00e8de \u00e0 son interpellation dans la foul\u00e9e avec saisie de l\u2019ordinateur d\u00e9rob\u00e9 dans le quartier Eurom\u00e9decine. Le quadrag\u00e9naire est fortement alcoolis\u00e9 et a consomm\u00e9 de la coca\u00efne, avec dans une poche un sachet contenant quelques grammes de cette drogue dure.<\/p>\n<p>Vid\u00e9os : en ce moment sur Actu<\/p>\n<p class=\" wall-content\">En garde \u00e0 vue, il reconnait commettre des vols par ruse, ou \u00e0 la roulotte dans des voitures en stationnement, ou encore des cambriolages pour revendre les objets pour pouvoir se payer sa dose quotidienne de coca\u00efne. La Montpelli\u00e9raine victime du vol de son ordinateur a \u00e9t\u00e9 heureuse de le r\u00e9cup\u00e9rer intact. D\u00e9j\u00e0 connu de la justice, le voleur pr\u00e9sum\u00e9 a \u00e9t\u00e9 d\u00e9f\u00e9r\u00e9 au parquet de Montpellier ce vendredi matin pour \u00eatre jug\u00e9 en comp\u00e9tition imm\u00e9diate au tribunal correctionnel.<\/p>\n<p class=\" wall-content\">Personnalisez votre actualit\u00e9 en ajoutant vos villes et m\u00e9dias en favori avec <a href=\"https:\/\/moncompte.actu.fr\" title=\"D\u00e9couvez Mon Actu\" rel=\"nofollow noopener\" data-trk=\"{&quot;cta&quot;:{&quot;action&quot;:&quot;https:\\\/\\\/moncompte.actu.fr&quot;,&quot;category&quot;:&quot;mon compte&quot;,&quot;from&quot;:&quot;article footer&quot;,&quot;name&quot;:&quot;Mon actu&quot;,&quot;type&quot;:&quot;cta&quot;}}\" target=\"_blank\">Mon Actu<\/a>.<\/p>\n","protected":false},"excerpt":{"rendered":"Par Jean-Marc Aubert Publi\u00e9 le 5 sept. 2025 \u00e0 10h23 Ce n\u2019est pas la premi\u00e8re fois que cela&hellip;\n","protected":false},"author":2,"featured_media":367732,"comment_status":"","ping_status":"","sticky":false,"template":"","format":"standard","meta":{"footnotes":""},"categories":[9599],"tags":[1111,11,1777,674,1011,27,1757,303,2208,813,12,2680,1072,25],"class_list":{"0":"post-367731","1":"post","2":"type-post","3":"status-publish","4":"format-standard","5":"has-post-thumbnail","7":"category-montpellier","8":"tag-actu","9":"tag-actualites","10":"tag-eu","11":"tag-europe","12":"tag-fr","13":"tag-france","14":"tag-insolite","15":"tag-justice","16":"tag-montpellier","17":"tag-narcotrafiquants","18":"tag-news","19":"tag-occitanie","20":"tag-police","21":"tag-republique-francaise"},"share_on_mastodon":{"url":"https:\/\/pubeurope.com\/@fr\/115150793146125802","error":""},"_links":{"self":[{"href":"https:\/\/www.europesays.com\/fr\/wp-json\/wp\/v2\/posts\/367731","targetHints":{"allow":["GET"]}}],"collection":[{"href":"https:\/\/www.europesays.com\/fr\/wp-json\/wp\/v2\/posts"}],"about":[{"href":"https:\/\/www.europesays.com\/fr\/wp-json\/wp\/v2\/types\/post"}],"author":[{"embeddable":true,"href":"https:\/\/www.europesays.com\/fr\/wp-json\/wp\/v2\/users\/2"}],"replies":[{"embeddable":true,"href":"https:\/\/www.europesays.com\/fr\/wp-json\/wp\/v2\/comments?post=367731"}],"version-history":[{"count":0,"href":"https:\/\/www.europesays.com\/fr\/wp-json\/wp\/v2\/posts\/367731\/revisions"}],"wp:featuredmedia":[{"embeddable":true,"href":"https:\/\/www.europesays.com\/fr\/wp-json\/wp\/v2\/media\/367732"}],"wp:attachment":[{"href":"https:\/\/www.europesays.com\/fr\/wp-json\/wp\/v2\/media?parent=367731"}],"wp:term":[{"taxonomy":"category","embeddable":true,"href":"https:\/\/www.europesays.com\/fr\/wp-json\/wp\/v2\/categories?post=367731"},{"taxonomy":"post_tag","embeddable":true,"href":"https:\/\/www.europesays.com\/fr\/wp-json\/wp\/v2\/tags?post=367731"}],"curies":[{"name":"wp","href":"https:\/\/api.w.org\/{rel}","templated":true}]}}