{"id":367733,"date":"2025-09-05T08:40:12","date_gmt":"2025-09-05T08:40:12","guid":{"rendered":"https:\/\/www.europesays.com\/fr\/367733\/"},"modified":"2025-09-05T08:40:12","modified_gmt":"2025-09-05T08:40:12","slug":"rouen-organise-ses-premieres-rencontres-nationales-de-tourisme","status":"publish","type":"post","link":"https:\/\/www.europesays.com\/fr\/367733\/","title":{"rendered":"Rouen organise ses premi\u00e8res rencontres nationales de tourisme"},"content":{"rendered":"<p melodystyle=\"texte\">Le 25 septembre prochain, Rouen Tourisme organise sa premi\u00e8re Rencontre avec des experts nationaux et internationaux du management du tourisme et du patrimoine.\u2028Ce colloque vise \u00e0 \u00e9changer avec les professionnels du tourisme et\u2028 de la culture sur les meilleures pratiques de tourisme cr\u00e9atif. La journ\u00e9e portera sur la th\u00e9matique du patrimoine et de l\u2019innovation dans l\u2019offre touristique des territoires.\u2028 Elle sera anim\u00e9e par l\u2019\u00e9quipe du centre de recherche Industries Cr\u00e9atives et Culture de KEDGE Arts School \u00e0 KEDGE Business School, en partenariat avec le Club Innovation Culture (CLIC).<br \/>\u2022 Rendez-vous le jeudi 25 septembre, \u00e0 l\u2019Historial Jeanne d\u2019Arc \u00e0 Rouen.<\/p>\n","protected":false},"excerpt":{"rendered":"Le 25 septembre prochain, Rouen Tourisme organise sa premi\u00e8re Rencontre avec des experts nationaux et internationaux du management&hellip;\n","protected":false},"author":2,"featured_media":367734,"comment_status":"","ping_status":"","sticky":false,"template":"","format":"standard","meta":{"footnotes":""},"categories":[9587],"tags":[1111,11,1777,674,1011,27,12,5161,25,9590],"class_list":{"0":"post-367733","1":"post","2":"type-post","3":"status-publish","4":"format-standard","5":"has-post-thumbnail","7":"category-rouen","8":"tag-actu","9":"tag-actualites","10":"tag-eu","11":"tag-europe","12":"tag-fr","13":"tag-france","14":"tag-news","15":"tag-normandie","16":"tag-republique-francaise","17":"tag-rouen"},"share_on_mastodon":{"url":"https:\/\/pubeurope.com\/@fr\/115150797094562928","error":""},"_links":{"self":[{"href":"https:\/\/www.europesays.com\/fr\/wp-json\/wp\/v2\/posts\/367733","targetHints":{"allow":["GET"]}}],"collection":[{"href":"https:\/\/www.europesays.com\/fr\/wp-json\/wp\/v2\/posts"}],"about":[{"href":"https:\/\/www.europesays.com\/fr\/wp-json\/wp\/v2\/types\/post"}],"author":[{"embeddable":true,"href":"https:\/\/www.europesays.com\/fr\/wp-json\/wp\/v2\/users\/2"}],"replies":[{"embeddable":true,"href":"https:\/\/www.europesays.com\/fr\/wp-json\/wp\/v2\/comments?post=367733"}],"version-history":[{"count":0,"href":"https:\/\/www.europesays.com\/fr\/wp-json\/wp\/v2\/posts\/367733\/revisions"}],"wp:featuredmedia":[{"embeddable":true,"href":"https:\/\/www.europesays.com\/fr\/wp-json\/wp\/v2\/media\/367734"}],"wp:attachment":[{"href":"https:\/\/www.europesays.com\/fr\/wp-json\/wp\/v2\/media?parent=367733"}],"wp:term":[{"taxonomy":"category","embeddable":true,"href":"https:\/\/www.europesays.com\/fr\/wp-json\/wp\/v2\/categories?post=367733"},{"taxonomy":"post_tag","embeddable":true,"href":"https:\/\/www.europesays.com\/fr\/wp-json\/wp\/v2\/tags?post=367733"}],"curies":[{"name":"wp","href":"https:\/\/api.w.org\/{rel}","templated":true}]}}