{"id":367735,"date":"2025-09-05T08:41:12","date_gmt":"2025-09-05T08:41:12","guid":{"rendered":"https:\/\/www.europesays.com\/fr\/367735\/"},"modified":"2025-09-05T08:41:12","modified_gmt":"2025-09-05T08:41:12","slug":"fcr-lbc-la-fiche-du-match","status":"publish","type":"post","link":"https:\/\/www.europesays.com\/fr\/367735\/","title":{"rendered":"FCR\/LBC : La fiche du match"},"content":{"rendered":"<p>Fiche technique :<\/p>\n<p class=\"cvGsUA direction-ltr align-center para-style-body\">Football Club de Rouen 1899 &#8211; La Berrichonne de Ch\u00e2teauroux<\/p>\n<p class=\"cvGsUA direction-ltr align-center para-style-body\">Samedi 6\u00a0septembre 2025, 19h30, Stade Robert Diochon, Le Petit-Quevilly.<\/p>\n<p class=\"cvGsUA direction-ltr align-center para-style-body\">J5 National.<\/p>\n<p class=\"cvGsUA direction-ltr align-center para-style-body\">\u00a0<\/p>\n<p>L&rsquo;historique\u00a0:<\/p>\n<p class=\"cvGsUA direction-ltr align-center para-style-body\">Les deux doyens du championnat se sont affront\u00e9s \u00e0 24 reprises. Le duel est \u00e0 l&rsquo;avantage des Diables Rouges avec 12 victoires contre 5 victoires castelroussinnes et 7 matchs nuls.<\/p>\n<p class=\"cvGsUA direction-ltr align-center para-style-body\">Les 5 derniers face-\u00e0-face :<\/p>\n<p>21\/02\/2025 : <strong>La Berri&rsquo;<\/strong> <strong>1<\/strong>-0 FC Rouen<\/p>\n<p>20\/09\/2024 : <strong>FC Rouen<\/strong> <strong>4<\/strong>-0 La Berri&rsquo;<\/p>\n<p>06\/04\/2024 : FC Rouen 1-1 La Berri&rsquo;<\/p>\n<p>03\/11\/2023 : La Berri&rsquo; 0-<strong>3 FC Rouen<\/strong><\/p>\n<p>13\/03\/2004 : <strong>La Berri&rsquo; 2<\/strong>-0 FC Rouen<\/p>\n<p class=\"cvGsUA direction-ltr align-center para-style-body\">\u00a0<\/p>\n<p>Pour la Diaspora :<\/p>\n<p class=\"cvGsUA direction-ltr align-center para-style-body\">La rencontre sera \u00e0 suivre en direct \u00e0 partir de 17h45 sur notre site et sur la cha\u00eene YouTube du Championnat de National\u00a0<a href=\"https:\/\/www.youtube.com\/@Championnat_National_Officiel\/streams\" target=\"_blank\" rel=\"nofollow noopener\">en cliquant ici.<\/a><\/p>\n<p class=\"cvGsUA direction-ltr align-center para-style-body\">\u00a0<\/p>\n<p>La d\u00e9cla&rsquo; :<\/p>\n<p>Lors de la conf\u00e9rence de presse d&rsquo;avant-match, Valentin Guichard a dit <strong>\u00ab\u00a0ins\u00e9rer une citation\u00a0\u00bb<\/strong><\/p>\n<p class=\"cvGsUA direction-ltr align-center para-style-body\">\u00a0<\/p>\n<p>Les officiels :<\/p>\n<p class=\"cvGsUA direction-ltr align-center para-style-body\">Monsieur\u00a0Valentin Giorgetti sera au sifflet de cette rencontre samedi. L&rsquo;arbitre de 32 ans n&rsquo;a offici\u00e9 que sur une seule rencontre cette saison (SC Aubagne Air Bel &#8211; FC Villefranche Beaujolais) mais a d\u00e9j\u00e0 distribu\u00e9 5 cartons jaunes et 2 cartons rouges.<\/p>\n<p class=\"cvGsUA direction-ltr align-center para-style-body\">\u00a0<\/p>\n<p>Les joueurs ayant \u00e9volu\u00e9 sous les deux pavillons :\u00a0<br \/>\nDans l&rsquo;histoire, ils ne sont que quatre \u00e0 avoir \u00e9t\u00e9 transf\u00e9r\u00e9 entre les deux institutions : Damien Da Silva en 2011, Momar Diagne en 2005, Serge Allary en 1982 et Daniel Gomez en 1973. Seul Momar Diagne a rejoint La Berrichonne depuis le FCR.<\/p>\n<p>\u00a0<\/p>\n<p>Acc\u00e8s au stade :\u00a0<br \/>\n<img loading=\"lazy\" decoding=\"async\" src=\"https:\/\/www.europesays.com\/fr\/wp-content\/uploads\/2025\/09\/Stade-Diochon.jpg\" width=\"900\" height=\"505\"\/><br \/>\n&#13;<\/p>\n<p>L&rsquo;acc\u00e8s au parcage visiteurs se fait par l&rsquo;Avenue des Canadiens. La billetterie s&rsquo;y trouve \u00e0 l&rsquo;entr\u00e9e.\u00a0<\/p>\n<p>&#13;<\/p>\n","protected":false},"excerpt":{"rendered":"Fiche technique : Football Club de Rouen 1899 &#8211; La Berrichonne de Ch\u00e2teauroux Samedi 6\u00a0septembre 2025, 19h30, Stade&hellip;\n","protected":false},"author":2,"featured_media":367736,"comment_status":"","ping_status":"","sticky":false,"template":"","format":"standard","meta":{"footnotes":""},"categories":[9587],"tags":[1111,11,1777,674,1011,27,12,5161,25,9590],"class_list":{"0":"post-367735","1":"post","2":"type-post","3":"status-publish","4":"format-standard","5":"has-post-thumbnail","7":"category-rouen","8":"tag-actu","9":"tag-actualites","10":"tag-eu","11":"tag-europe","12":"tag-fr","13":"tag-france","14":"tag-news","15":"tag-normandie","16":"tag-republique-francaise","17":"tag-rouen"},"share_on_mastodon":{"url":"https:\/\/pubeurope.com\/@fr\/115150801012569846","error":""},"_links":{"self":[{"href":"https:\/\/www.europesays.com\/fr\/wp-json\/wp\/v2\/posts\/367735","targetHints":{"allow":["GET"]}}],"collection":[{"href":"https:\/\/www.europesays.com\/fr\/wp-json\/wp\/v2\/posts"}],"about":[{"href":"https:\/\/www.europesays.com\/fr\/wp-json\/wp\/v2\/types\/post"}],"author":[{"embeddable":true,"href":"https:\/\/www.europesays.com\/fr\/wp-json\/wp\/v2\/users\/2"}],"replies":[{"embeddable":true,"href":"https:\/\/www.europesays.com\/fr\/wp-json\/wp\/v2\/comments?post=367735"}],"version-history":[{"count":0,"href":"https:\/\/www.europesays.com\/fr\/wp-json\/wp\/v2\/posts\/367735\/revisions"}],"wp:featuredmedia":[{"embeddable":true,"href":"https:\/\/www.europesays.com\/fr\/wp-json\/wp\/v2\/media\/367736"}],"wp:attachment":[{"href":"https:\/\/www.europesays.com\/fr\/wp-json\/wp\/v2\/media?parent=367735"}],"wp:term":[{"taxonomy":"category","embeddable":true,"href":"https:\/\/www.europesays.com\/fr\/wp-json\/wp\/v2\/categories?post=367735"},{"taxonomy":"post_tag","embeddable":true,"href":"https:\/\/www.europesays.com\/fr\/wp-json\/wp\/v2\/tags?post=367735"}],"curies":[{"name":"wp","href":"https:\/\/api.w.org\/{rel}","templated":true}]}}