{"id":367739,"date":"2025-09-05T08:44:16","date_gmt":"2025-09-05T08:44:16","guid":{"rendered":"https:\/\/www.europesays.com\/fr\/367739\/"},"modified":"2025-09-05T08:44:16","modified_gmt":"2025-09-05T08:44:16","slug":"hockey-sur-glace-dernier-de-chl-que-peut-esperer-grenoble-en-allemagne","status":"publish","type":"post","link":"https:\/\/www.europesays.com\/fr\/367739\/","title":{"rendered":"Hockey sur glace. Dernier de CHL, que peut esp\u00e9rer Grenoble en Allemagne ?"},"content":{"rendered":"<p>Que peut esp\u00e9rer Grenoble, apr\u00e8s deux premi\u00e8res journ\u00e9es v\u00e9cues \u00e0 la patinoire Polesud et ponctu\u00e9es par deux d\u00e9faites ( <a href=\"https:\/\/www.ledauphine.com\/sport\/2025\/08\/28\/les-bruleurs-de-loups-ont-fait-de-la-resistance-contre-berne\" target=\"_blank\" title=\"hockey CHL BdL vs Berne C-R\" rel=\"noopener\">Berne, 0-2<\/a> \u00a0; <a href=\"https:\/\/www.ledauphine.com\/sport\/2025\/08\/30\/grenoble-deborde-par-zoug-sans-avoir-a-rougir\" target=\"_blank\" title=\"hockey CHL BdL vs Zoug C-R\" rel=\"noopener\">Zoug, 1-5<\/a> ), tr\u00e8s logiques au vu de l\u2019\u00e9cart de niveau avec ses voisins helv\u00e9tiques\u00a0? Cette question, les Is\u00e9rois (26es\u00a0 et actuels derniers de la phase de poule de la CHL) auront eu le temps de la poser, jeudi, lors du voyage en avion vers le nord de l\u2019Allemagne (Bremerhaven, dans le land de Br\u00eame, est un port sur la mer du Nord).<\/p>\n<p>Petit Poucet de la comp\u00e9tition, les champions de France peuvent encore, math\u00e9matiquement, se glisser dans le top 16 pour disputer un hypoth\u00e9tique 8e\u00a0 de finale. Mais face au 3e\u00a0 de la DEL 2024-2025, actuel 17e\u00a0 de la CHL (une victoire en prolongation, 3-2 chez les Lions de Z\u00fcrich\u00a0; et une d\u00e9faite, 2-3 au Red Bull Salzbourg), l\u2019essentiel sera ailleurs.<\/p>\n<p>  \u00ab\u00a0\u00c7a fait partie de l\u2019\u00e9ducation\u00a0\u00bb<\/p>\n<p>\u00ab\u00a0On a jou\u00e9 jusqu\u2019ici contre du tr\u00e8s haut niveau de hockey. En pr\u00e9saison contre Fribourg-Gott\u00e9ron et Gen\u00e8ve Servette, puis en CHL, et on a perdu quatre fois. Bien s\u00fbr, \u00e7a peut affecter notre \u00e9quipe et, pour les joueurs, il faut \u00eatre capable de g\u00e9rer \u00e7a mentalement\u00a0\u00bb, analyse <a href=\"https:\/\/www.ledauphine.com\/p\/per-hanberg\" target=\"_blank\" rel=\"noopener\">Per Hanberg<\/a>, le coach su\u00e9dois des Br\u00fbleurs de loups.<\/p>\n<p>\u00ab\u00a0Mais pour moi, \u00e7a fait partie de l\u2019\u00e9ducation. \u00c0 chaque fois, on doit en tirer des le\u00e7ons\u00a0: comment jouer au hockey \u00e0 un tr\u00e8s haut niveau. M\u00eame si on traverse une p\u00e9riode difficile, c\u2019est une opportunit\u00e9 pour nous d\u2019apprendre et d\u2019en ressortir meilleur.\u00a0\u00bb<\/p>\n","protected":false},"excerpt":{"rendered":"Que peut esp\u00e9rer Grenoble, apr\u00e8s deux premi\u00e8res journ\u00e9es v\u00e9cues \u00e0 la patinoire Polesud et ponctu\u00e9es par deux d\u00e9faites&hellip;\n","protected":false},"author":2,"featured_media":367740,"comment_status":"","ping_status":"","sticky":false,"template":"","format":"standard","meta":{"footnotes":""},"categories":[9566],"tags":[1111,11,2430,112,1777,674,1701,1011,27,2731,2732,4133,10145,108,12,25,517],"class_list":{"0":"post-367739","1":"post","2":"type-post","3":"status-publish","4":"format-standard","5":"has-post-thumbnail","7":"category-grenoble","8":"tag-actu","9":"tag-actualites","10":"tag-auvergne-rhone-alpes","11":"tag-edition-grenoble-agglomeration","12":"tag-eu","13":"tag-europe","14":"tag-fil-info-sport","15":"tag-fr","16":"tag-france","17":"tag-grenoble","18":"tag-grenoble-bassin","19":"tag-hockey-sur-glace","20":"tag-hockey-sur-glace-grenoble","21":"tag-isere","22":"tag-news","23":"tag-republique-francaise","24":"tag-sport"},"share_on_mastodon":{"url":"https:\/\/pubeurope.com\/@fr\/115150812863528304","error":""},"_links":{"self":[{"href":"https:\/\/www.europesays.com\/fr\/wp-json\/wp\/v2\/posts\/367739","targetHints":{"allow":["GET"]}}],"collection":[{"href":"https:\/\/www.europesays.com\/fr\/wp-json\/wp\/v2\/posts"}],"about":[{"href":"https:\/\/www.europesays.com\/fr\/wp-json\/wp\/v2\/types\/post"}],"author":[{"embeddable":true,"href":"https:\/\/www.europesays.com\/fr\/wp-json\/wp\/v2\/users\/2"}],"replies":[{"embeddable":true,"href":"https:\/\/www.europesays.com\/fr\/wp-json\/wp\/v2\/comments?post=367739"}],"version-history":[{"count":0,"href":"https:\/\/www.europesays.com\/fr\/wp-json\/wp\/v2\/posts\/367739\/revisions"}],"wp:featuredmedia":[{"embeddable":true,"href":"https:\/\/www.europesays.com\/fr\/wp-json\/wp\/v2\/media\/367740"}],"wp:attachment":[{"href":"https:\/\/www.europesays.com\/fr\/wp-json\/wp\/v2\/media?parent=367739"}],"wp:term":[{"taxonomy":"category","embeddable":true,"href":"https:\/\/www.europesays.com\/fr\/wp-json\/wp\/v2\/categories?post=367739"},{"taxonomy":"post_tag","embeddable":true,"href":"https:\/\/www.europesays.com\/fr\/wp-json\/wp\/v2\/tags?post=367739"}],"curies":[{"name":"wp","href":"https:\/\/api.w.org\/{rel}","templated":true}]}}