{"id":367741,"date":"2025-09-05T08:45:19","date_gmt":"2025-09-05T08:45:19","guid":{"rendered":"https:\/\/www.europesays.com\/fr\/367741\/"},"modified":"2025-09-05T08:45:19","modified_gmt":"2025-09-05T08:45:19","slug":"en-bretagne-la-plus-belle-journee-est-attendue-dici-les-prochains-jours-voici-quand-en-profiter","status":"publish","type":"post","link":"https:\/\/www.europesays.com\/fr\/367741\/","title":{"rendered":"En Bretagne, la \u00ab\u00a0plus belle journ\u00e9e\u00a0\u00bb est attendue d&rsquo;ici les prochains jours, voici quand en profiter"},"content":{"rendered":"<p>            Par<br \/>\n        <strong><br \/>\n            <a href=\"https:\/\/actu.fr\/auteur\/brian-legoff\" title=\"Consulter tous les articles de Brian Le Goff\" rel=\"nofollow noopener\" target=\"_blank\">Brian Le Goff<\/a><br \/>\n        <\/strong><\/p>\n<p>        Publi\u00e9 le<\/p>\n<p>            5 sept. 2025 \u00e0 10h22        <\/p>\n<p>Apr\u00e8s une<a href=\"https:\/\/actu.fr\/bretagne\/rennes_35238\/comment-s-habiller-a-la-rentree-coups-de-vent-pluie-la-meteo-pas-vraiment-au-rendez-vous-en-bretagne_63085111.html\" rel=\"nofollow noopener\" target=\"_blank\"> fin des vacances et une rentr\u00e9e morose du point de vue m\u00e9t\u00e9orologique,<\/a> cette fin de premi\u00e8re semaine de septembre sera <strong>plus enthousiasmante<\/strong> dans le ciel breton. En effet, d\u00e8s ce vendredi 5\u00a0septembre matin, une nette am\u00e9lioration du temps est visible en <a href=\"https:\/\/actu.fr\/bretagne\/\" rel=\"nofollow noopener\" target=\"_blank\">Bretagne<\/a> avec le \u00ab\u2009retour de conditions anticycloniques temporaires\u2009\u00bb, indique S\u00e9bastien Decaux, de <a href=\"https:\/\/www.meteo.bzh\/\" rel=\"nofollow noopener\" target=\"_blank\">M\u00e9t\u00e9o Bretagne<\/a>.<\/p>\n<p class=\" wall-content\">Si <strong>quelques brumes et brouillards<\/strong> abritent encore la r\u00e9gion, ils laissent assez rapidement place aux <strong>\u00e9claircies plut\u00f4t belles<\/strong>. <strong>Quelques cumulus<\/strong> peuvent ne pas rendre le ciel compl\u00e8tement bleu.<\/p>\n<blockquote class=\"ac-article-quote wall-content\">\n<p>Du c\u00f4t\u00e9 du littoral morbihannais et, plus globalement, sur la c\u00f4te atlantique, il fait tr\u00e8s beau.<\/p>\n<p>    <strong>S\u00e9bastien Decaux<\/strong><br \/>\n        M\u00e9t\u00e9orologue    <\/p><\/blockquote>\n<p class=\" wall-content\">La petite fra\u00eecheur matinale reste marqu\u00e9e toute la journ\u00e9e. Le thermom\u00e8tre ne d\u00e9passe pas les <strong>20-21\u00a0\u00b0C dans l\u2019apr\u00e8s-midi<\/strong>.<\/p>\n<p>Entre 20 et 25\u00a0\u00b0C samedi<\/p>\n<p class=\" wall-content\">Samedi \u00ab\u2009est assur\u00e9ment la plus belle journ\u00e9e de la premi\u00e8re quinzaine de septembre\u2009\u00bb, note le m\u00e9t\u00e9orologue. La r\u00e9gion a droit un <strong>temps sec <\/strong>avec un <strong>soleil <\/strong>qui brille \u00e0 travers un <strong>petit voile nuageux<\/strong>.<\/p>\n<blockquote class=\"ac-article-quote wall-content\">\n<p>Les temp\u00e9ratures atteignent 20 \u00e0 25 \u00b0C. Saint-Malo et St-Brieuc ont 22 \u00b0C. Vannes et Rennes, 24 \u00b0C et le sud de l&rsquo;Ille-et-Vilaine, 25 \u00b0C.<\/p>\n<p>    <strong>S\u00e9bastien Decaux<\/strong><br \/>\n        M\u00e9t\u00e9orologue    <\/p><\/blockquote>\n<p class=\" wall-content\">Mais cette <a href=\"https:\/\/actu.fr\/meteo\/\" rel=\"nofollow noopener\" target=\"_blank\">m\u00e9t\u00e9o<\/a> estivale sera <strong>de courte dur\u00e9e<\/strong>.<\/p>\n<p>Votre r\u00e9gion, votre actu !<\/p>\n<p>Recevez chaque jour les infos qui comptent pour vous.<\/p>\n<p>\t<a href=\"https:\/\/actu.fr\/newsletter\" class=\"ac-btn ac-btn--corner ac-btn--medium ac-btn--blue800\" rel=\"nofollow noopener\" target=\"_blank\">S&rsquo;incrire<\/a><br \/>\nRetour de l\u2019instabilit\u00e9 dimanche<\/p>\n<p class=\" wall-content\">Dimanche 7\u00a0septembre, un <strong>syst\u00e8me d\u00e9pressionnaire se rapproche<\/strong> et provoque le d\u00e9calage de l\u2019anticyclone sur l\u2019Europe de l\u2019Est\u2009: \u00ab\u2009Avec cette d\u00e9pression sur l\u2019Atlantique, on aura des <strong>averses<\/strong> et de l\u2019instabilit\u00e9 plus importante sur l\u2019ouest de la r\u00e9gion que sur l\u2019est. Donc, on reste sous la menace d\u2019averses, mais avec des \u00e9claircies.\u2009\u00bb<\/p>\n<p class=\" wall-content\">C\u00f4t\u00e9 <strong>temp\u00e9ratures<\/strong>, elles seront <strong>de saison<\/strong> avec 22\u00a0\u00b0C \u00e0 <a href=\"https:\/\/actu.fr\/rennes\/\" rel=\"nofollow noopener\" target=\"_blank\">Rennes<\/a>, en Ille-et-Vilaine.<\/p>\n<p class=\" wall-content\">Personnalisez votre actualit\u00e9 en ajoutant vos villes et m\u00e9dias en favori avec <a href=\"https:\/\/moncompte.actu.fr\" title=\"D\u00e9couvez Mon Actu\" rel=\"nofollow noopener\" data-trk=\"{&quot;cta&quot;:{&quot;action&quot;:&quot;https:\\\/\\\/moncompte.actu.fr&quot;,&quot;category&quot;:&quot;mon compte&quot;,&quot;from&quot;:&quot;article footer&quot;,&quot;name&quot;:&quot;Mon actu&quot;,&quot;type&quot;:&quot;cta&quot;}}\" target=\"_blank\">Mon Actu<\/a>.<\/p>\n","protected":false},"excerpt":{"rendered":"Par Brian Le Goff Publi\u00e9 le 5 sept. 2025 \u00e0 10h22 Apr\u00e8s une fin des vacances et une&hellip;\n","protected":false},"author":2,"featured_media":367742,"comment_status":"","ping_status":"","sticky":false,"template":"","format":"standard","meta":{"footnotes":""},"categories":[2821],"tags":[1111,11,829,1777,674,1011,27,2357,12,584,25,104],"class_list":{"0":"post-367741","1":"post","2":"type-post","3":"status-publish","4":"format-standard","5":"has-post-thumbnail","7":"category-rennes","8":"tag-actu","9":"tag-actualites","10":"tag-bretagne","11":"tag-eu","12":"tag-europe","13":"tag-fr","14":"tag-france","15":"tag-meteo-france","16":"tag-news","17":"tag-rennes","18":"tag-republique-francaise","19":"tag-societe"},"share_on_mastodon":{"url":"https:\/\/pubeurope.com\/@fr\/115150816840182782","error":""},"_links":{"self":[{"href":"https:\/\/www.europesays.com\/fr\/wp-json\/wp\/v2\/posts\/367741","targetHints":{"allow":["GET"]}}],"collection":[{"href":"https:\/\/www.europesays.com\/fr\/wp-json\/wp\/v2\/posts"}],"about":[{"href":"https:\/\/www.europesays.com\/fr\/wp-json\/wp\/v2\/types\/post"}],"author":[{"embeddable":true,"href":"https:\/\/www.europesays.com\/fr\/wp-json\/wp\/v2\/users\/2"}],"replies":[{"embeddable":true,"href":"https:\/\/www.europesays.com\/fr\/wp-json\/wp\/v2\/comments?post=367741"}],"version-history":[{"count":0,"href":"https:\/\/www.europesays.com\/fr\/wp-json\/wp\/v2\/posts\/367741\/revisions"}],"wp:featuredmedia":[{"embeddable":true,"href":"https:\/\/www.europesays.com\/fr\/wp-json\/wp\/v2\/media\/367742"}],"wp:attachment":[{"href":"https:\/\/www.europesays.com\/fr\/wp-json\/wp\/v2\/media?parent=367741"}],"wp:term":[{"taxonomy":"category","embeddable":true,"href":"https:\/\/www.europesays.com\/fr\/wp-json\/wp\/v2\/categories?post=367741"},{"taxonomy":"post_tag","embeddable":true,"href":"https:\/\/www.europesays.com\/fr\/wp-json\/wp\/v2\/tags?post=367741"}],"curies":[{"name":"wp","href":"https:\/\/api.w.org\/{rel}","templated":true}]}}