{"id":367745,"date":"2025-09-05T08:47:12","date_gmt":"2025-09-05T08:47:12","guid":{"rendered":"https:\/\/www.europesays.com\/fr\/367745\/"},"modified":"2025-09-05T08:47:12","modified_gmt":"2025-09-05T08:47:12","slug":"schiltigheim-le-kine-feru-de-bolides-presente-son-premier-roman-a-la-foire-europeenne","status":"publish","type":"post","link":"https:\/\/www.europesays.com\/fr\/367745\/","title":{"rendered":"Schiltigheim. Le kin\u00e9 f\u00e9ru de bolides pr\u00e9sente son premier roman \u00e0 la Foire europ\u00e9enne"},"content":{"rendered":"<p>Certains laissent \u00e0 leurs enfants des bijoux de famille, des lettres \u00e0 garder au fond d\u2019un tiroir ou des parts d\u2019une soci\u00e9t\u00e9, pour les plus chanceux. Le Schilikois Pierre Della Valentina, lui, a choisi de l\u00e9guer un roman, \u00e9crit de sa main et \u00e9dit\u00e9 par une maison alsacienne, \u00e0 sa fille de 13 ans.<\/p>\n<p>Le pitch\u00a0: Alexandre, un Strasbourgeois de 15 ans, est propuls\u00e9 trente ans en arri\u00e8re, pour d\u00e9couvrir si C\u2019\u00e9tait (pas) mieux avant , le titre de l\u2019ouvrage, qui sort officiellement ce vendredi 5\u00a0septembre.<\/p>\n<p>Car oui, ce n\u2019\u00e9tait pas&#8230;<\/p>\n","protected":false},"excerpt":{"rendered":"Certains laissent \u00e0 leurs enfants des bijoux de famille, des lettres \u00e0 garder au fond d\u2019un tiroir ou&hellip;\n","protected":false},"author":2,"featured_media":367746,"comment_status":"","ping_status":"","sticky":false,"template":"","format":"standard","meta":{"footnotes":""},"categories":[2820],"tags":[1111,11,2389,2649,1687,2880,1777,674,107,49688,1011,27,775,2410,12,25,5512,640,3265],"class_list":{"0":"post-367745","1":"post","2":"type-post","3":"status-publish","4":"format-standard","5":"has-post-thumbnail","7":"category-strasbourg","8":"tag-actu","9":"tag-actualites","10":"tag-alsace","11":"tag-bas-rhin","12":"tag-culture-loisirs","13":"tag-edition-strasbourg","14":"tag-eu","15":"tag-europe","16":"tag-fil-info","17":"tag-foire-europeenne","18":"tag-fr","19":"tag-france","20":"tag-grand-est","21":"tag-livres-bd","22":"tag-news","23":"tag-republique-francaise","24":"tag-schiltigheim","25":"tag-strasbourg","26":"tag-strasbourg-nord"},"share_on_mastodon":{"url":"https:\/\/pubeurope.com\/@fr\/115150824660731527","error":""},"_links":{"self":[{"href":"https:\/\/www.europesays.com\/fr\/wp-json\/wp\/v2\/posts\/367745","targetHints":{"allow":["GET"]}}],"collection":[{"href":"https:\/\/www.europesays.com\/fr\/wp-json\/wp\/v2\/posts"}],"about":[{"href":"https:\/\/www.europesays.com\/fr\/wp-json\/wp\/v2\/types\/post"}],"author":[{"embeddable":true,"href":"https:\/\/www.europesays.com\/fr\/wp-json\/wp\/v2\/users\/2"}],"replies":[{"embeddable":true,"href":"https:\/\/www.europesays.com\/fr\/wp-json\/wp\/v2\/comments?post=367745"}],"version-history":[{"count":0,"href":"https:\/\/www.europesays.com\/fr\/wp-json\/wp\/v2\/posts\/367745\/revisions"}],"wp:featuredmedia":[{"embeddable":true,"href":"https:\/\/www.europesays.com\/fr\/wp-json\/wp\/v2\/media\/367746"}],"wp:attachment":[{"href":"https:\/\/www.europesays.com\/fr\/wp-json\/wp\/v2\/media?parent=367745"}],"wp:term":[{"taxonomy":"category","embeddable":true,"href":"https:\/\/www.europesays.com\/fr\/wp-json\/wp\/v2\/categories?post=367745"},{"taxonomy":"post_tag","embeddable":true,"href":"https:\/\/www.europesays.com\/fr\/wp-json\/wp\/v2\/tags?post=367745"}],"curies":[{"name":"wp","href":"https:\/\/api.w.org\/{rel}","templated":true}]}}