{"id":367749,"date":"2025-09-05T08:49:12","date_gmt":"2025-09-05T08:49:12","guid":{"rendered":"https:\/\/www.europesays.com\/fr\/367749\/"},"modified":"2025-09-05T08:49:12","modified_gmt":"2025-09-05T08:49:12","slug":"etudiants-la-caf-des-alpes-maritimes-vous-accompagne-dans-vos-demarches","status":"publish","type":"post","link":"https:\/\/www.europesays.com\/fr\/367749\/","title":{"rendered":"\u00c9tudiants, la Caf des Alpes-Maritimes vous accompagne dans vos d\u00e9marches"},"content":{"rendered":"<p>                    <img loading=\"lazy\" decoding=\"async\" src=\"https:\/\/www.europesays.com\/fr\/wp-content\/uploads\/2025\/09\/fc0cf5b7b5e0fec48208e4e28e0735.png\" class=\"img-responsive post-image\" width=\"680\" height=\"510\" alt=\"\u00c9tudiants, la Caf des (\u2026)\" title=\"\u00c9tudiants, la Caf des Alpes-Maritimes vous accompagne dans vos d\u00e9marches\"\/><\/p>\n<p class=\"chapo\">Entre 16 et 25 ans, les jeunes franchissent de nombreuses \u00e9tapes vers l\u2019autonomie\u00a0: entr\u00e9e au lyc\u00e9e ou dans le sup\u00e9rieur, premier logement, premiers emplois. Ces changements s\u2019accompagnent souvent de d\u00e9marches administratives complexes. Pour les accompagner, la Caisse d\u2019Allocations familiales (Caf) des Alpes-Maritimes renforce sa pr\u00e9sence aupr\u00e8s des \u00e9tudiants et apprentis.<\/p>\n<p>                    Des conseillers pr\u00e9sents aux \u00e9v\u00e9nements de rentr\u00e9e<\/p>\n<p>Tout au long du mois de septembre, les \u00e9quipes de la Caf participent \u00e0 plusieurs rendez-vous \u00e9tudiants, comme Le Before de ta rentr\u00e9e \u00e0 Nice ou encore le Village de rentr\u00e9e \u00e9tudiante \u00e0 Cannes La Bocca. L\u2019objectif\u00a0: r\u00e9pondre aux questions des jeunes, pr\u00e9senter les aides disponibles et faciliter leurs d\u00e9marches.<\/p>\n<p>Des permanences sur les campus<\/p>\n<p>En partenariat avec le Crous Nice-Toulon, la Caf met \u00e9galement en place un dispositif de permanences sur rendez-vous, <strong>du 8 septembre 2025 au 30 janvier 2026.<\/strong><br class=\"autobr\"\/><br \/>\nCes permanences auront lieu sur les campus de Cannes, Grasse, Nice et Sophia-Antipolis. Les \u00e9tudiants pourront y rencontrer un conseiller pour s\u2019informer sur leurs droits, obtenir de l\u2019aide dans leurs d\u00e9marches et mieux comprendre les aides auxquelles ils peuvent pr\u00e9tendre.<br class=\"autobr\"\/><br \/>\nLa prise de rendez-vous se fait directement via le portail du Crous\u00a0: <a href=\"https:\/\/mesrdv.lescrous.fr\/fr\" class=\"spip_out\" rel=\"external nofollow noopener\" target=\"_blank\">mesrdv.lescrous.fr<\/a><\/p>\n<p>Les aides pour les 16-25 ans<\/p>\n<p>La Caf propose un parcours sp\u00e9cifique intitul\u00e9 Je suis \u00e9tudiant ou apprenti, qui regroupe toutes les informations utiles\u00a0: aides au logement, prestations sociales, accompagnement dans les d\u00e9marches.<br class=\"autobr\"\/><br \/>\n<a href=\"https:\/\/www.caf.fr\/sites\/default\/files\/medias\/061\/logement\/2023\/ParcoursEtudiant-Caf06-caffr.pdf\" class=\"spip_out\" rel=\"external nofollow noopener\" target=\"_blank\">Flyer d\u00e9di\u00e9\u00a0: Je suis \u00e9tudiant ou apprenti<\/a><br class=\"autobr\"\/><br \/>\n<a href=\"https:\/\/www.caf.fr\/allocataires\/caf-des-alpes-maritimes\/offre-de-service\/logement\/je-suis-etudiant-ou-apprenti\" class=\"spip_out\" rel=\"external nofollow noopener\" target=\"_blank\">Page web\u00a0: caf.fr \u2013 Je suis \u00e9tudiant ou apprenti<\/a><\/p>\n<p>Ces ressources permettent aux jeunes de conna\u00eetre rapidement les dispositifs existants et de mieux pr\u00e9parer leur rentr\u00e9e.<\/p>\n<p>Visuel de Une\u00a0: illustration \u00a9DR<\/p>\n","protected":false},"excerpt":{"rendered":"Entre 16 et 25 ans, les jeunes franchissent de nombreuses \u00e9tapes vers l\u2019autonomie\u00a0: entr\u00e9e au lyc\u00e9e ou dans&hellip;\n","protected":false},"author":2,"featured_media":367750,"comment_status":"","ping_status":"","sticky":false,"template":"","format":"standard","meta":{"footnotes":""},"categories":[2819],"tags":[1111,11,2408,1777,674,1011,27,12,2401,882,25],"class_list":{"0":"post-367749","1":"post","2":"type-post","3":"status-publish","4":"format-standard","5":"has-post-thumbnail","7":"category-nice","8":"tag-actu","9":"tag-actualites","10":"tag-appels-d","11":"tag-eu","12":"tag-europe","13":"tag-fr","14":"tag-france","15":"tag-news","16":"tag-nice","17":"tag-provence-alpes-cote-dazur","18":"tag-republique-francaise"},"share_on_mastodon":{"url":"https:\/\/pubeurope.com\/@fr\/115150832611118060","error":""},"_links":{"self":[{"href":"https:\/\/www.europesays.com\/fr\/wp-json\/wp\/v2\/posts\/367749","targetHints":{"allow":["GET"]}}],"collection":[{"href":"https:\/\/www.europesays.com\/fr\/wp-json\/wp\/v2\/posts"}],"about":[{"href":"https:\/\/www.europesays.com\/fr\/wp-json\/wp\/v2\/types\/post"}],"author":[{"embeddable":true,"href":"https:\/\/www.europesays.com\/fr\/wp-json\/wp\/v2\/users\/2"}],"replies":[{"embeddable":true,"href":"https:\/\/www.europesays.com\/fr\/wp-json\/wp\/v2\/comments?post=367749"}],"version-history":[{"count":0,"href":"https:\/\/www.europesays.com\/fr\/wp-json\/wp\/v2\/posts\/367749\/revisions"}],"wp:featuredmedia":[{"embeddable":true,"href":"https:\/\/www.europesays.com\/fr\/wp-json\/wp\/v2\/media\/367750"}],"wp:attachment":[{"href":"https:\/\/www.europesays.com\/fr\/wp-json\/wp\/v2\/media?parent=367749"}],"wp:term":[{"taxonomy":"category","embeddable":true,"href":"https:\/\/www.europesays.com\/fr\/wp-json\/wp\/v2\/categories?post=367749"},{"taxonomy":"post_tag","embeddable":true,"href":"https:\/\/www.europesays.com\/fr\/wp-json\/wp\/v2\/tags?post=367749"}],"curies":[{"name":"wp","href":"https:\/\/api.w.org\/{rel}","templated":true}]}}