{"id":367761,"date":"2025-09-05T08:55:10","date_gmt":"2025-09-05T08:55:10","guid":{"rendered":"https:\/\/www.europesays.com\/fr\/367761\/"},"modified":"2025-09-05T08:55:10","modified_gmt":"2025-09-05T08:55:10","slug":"le-toulouse-kizomba-festival-fait-son-grand-retour-au-bascala-du-10-au-13-octobre-2025","status":"publish","type":"post","link":"https:\/\/www.europesays.com\/fr\/367761\/","title":{"rendered":"Le Toulouse Kizomba Festival Fait son Grand Retour au Bascala du 10 au 13 Octobre 2025 !"},"content":{"rendered":"<p><b>Toulouse, pr\u00e9parez-vous pour un week-end de danse exceptionnel ! Le Toulouse Kizomba Festival (TKF) revient pour une \u00e9dition 2025 qui s\u2019annonce riche et intense, du vendredi 10 au lundi 13 octobre au Bascala. TKF 2025 promet une immersion totale dans les cultures de la danse, entre workshops, shows, et f\u00eates qui dureront jusqu\u2019\u00e0 l\u2019aube !<\/b><\/p>\n<p><img loading=\"lazy\" decoding=\"async\" class=\"size-medium wp-image-902126 aligncenter\" src=\"https:\/\/www.europesays.com\/fr\/wp-content\/uploads\/2025\/09\/toulouse-kizomba-festival-300x155.jpg.webp.webp\" alt=\"\" width=\"300\" height=\"155\"  \/><\/p>\n<p>Le TKF est bien plus qu\u2019un festival de danse ; c\u2019est un v\u00e9ritable voyage musical et humain. Pr\u00e9parez-vous \u00e0 trois jours de partage, de fous rires et de rencontres, o\u00f9 la convivialit\u00e9 est le ma\u00eetre mot. Le festival c\u00e9l\u00e8bre la kizomba, l\u2019urbankiz, la semba, le kompa, le tarraxo, et bien d\u2019autres styles afro, avec une s\u00e9lection d\u2019artistes de renom.<\/p>\n<p>Un Programme de Folie pour Tous les Danseurs<\/p>\n<ul>\n<li><b>Soir\u00e9es jusqu\u2019\u00e0 6h du matin :<\/b> Trois soir\u00e9es et trois sociales sont pr\u00e9vues pour les danseurs infatigables.<\/li>\n<li><b>Deux salles, deux ambiances :<\/b> La salle principale sera d\u00e9di\u00e9e \u00e0 la <b>kizomba, urbankiz et tarraxo<\/b>, tandis que la salle du lac fera la part belle \u00e0 la <b>kizomba authentique, semba et kompa<\/b>. Une sociale en ext\u00e9rieur sera \u00e9galement propos\u00e9e pour profiter du cadre du Bascala.<\/li>\n<li><b>Showcase exceptionnel :<\/b> Ne manquez pas la performance unique d\u2019<b>ELJI BEATZKILLA et JENNIFER DIAS<\/b> le samedi 11 octobre !<\/li>\n<li><b>100 Taxis danseurs :<\/b> Des danseurs exp\u00e9riment\u00e9s seront pr\u00e9sents pour vous inviter \u00e0 danser et vous guider.<\/li>\n<\/ul>\n<p>Convivialit\u00e9 et Logistique au Rendez-vous<\/p>\n<p>Pour garantir une exp\u00e9rience parfaite, le festival met tout en \u0153uvre pour votre confort :<\/p>\n<ul>\n<li>Des <b>navettes gratuites<\/b> circuleront toutes les 15 minutes entre le festival et les h\u00f4tels partenaires.<\/li>\n<li>Un accueil chaleureux vous attend pour vous faire vivre pleinement l\u2019exp\u00e9rience TKF.<\/li>\n<\/ul>\n<p>N\u2019attendez pas qu\u2019on vous raconte cette aventure, venez la vivre !<\/p>\n<p>Infos Pratiques :<\/p>\n<p><b>\u00c9v\u00e9nement :<\/b> Toulouse Kizomba Festival 2025 (TKF)<br \/><b>Dates :<\/b> Du vendredi 10 au lundi 13 octobre 2025<br \/><b>Horaires :<\/b> De 17h00 \u00e0 6h00<br \/><b>Lieu :<\/b> Le Bascala, 12 Rue de la Briqueterie, 31150 Brugui\u00e8res (pr\u00e8s de Toulouse)<br \/><b>Vestiaire :<\/b> Obligatoire (2\u20ac pour les sacs de chaussures de danse autoris\u00e9s la journ\u00e9e)<br \/><b>Billetterie :<\/b> <a href=\"https:\/\/my.weezevent.com\/tkf-2025-toulouse-kizomba-festival\" target=\"_blank\" rel=\"noopener nofollow\">Toulouse Kizomba Festival<\/a><\/p>\n","protected":false},"excerpt":{"rendered":"Toulouse, pr\u00e9parez-vous pour un week-end de danse exceptionnel ! Le Toulouse Kizomba Festival (TKF) revient pour une \u00e9dition&hellip;\n","protected":false},"author":2,"featured_media":367762,"comment_status":"","ping_status":"","sticky":false,"template":"","format":"standard","meta":{"footnotes":""},"categories":[2816],"tags":[1111,11,1777,674,1011,27,12,2680,25,2312],"class_list":{"0":"post-367761","1":"post","2":"type-post","3":"status-publish","4":"format-standard","5":"has-post-thumbnail","7":"category-toulouse","8":"tag-actu","9":"tag-actualites","10":"tag-eu","11":"tag-europe","12":"tag-fr","13":"tag-france","14":"tag-news","15":"tag-occitanie","16":"tag-republique-francaise","17":"tag-toulouse"},"share_on_mastodon":{"url":"https:\/\/pubeurope.com\/@fr\/115150856111034869","error":""},"_links":{"self":[{"href":"https:\/\/www.europesays.com\/fr\/wp-json\/wp\/v2\/posts\/367761","targetHints":{"allow":["GET"]}}],"collection":[{"href":"https:\/\/www.europesays.com\/fr\/wp-json\/wp\/v2\/posts"}],"about":[{"href":"https:\/\/www.europesays.com\/fr\/wp-json\/wp\/v2\/types\/post"}],"author":[{"embeddable":true,"href":"https:\/\/www.europesays.com\/fr\/wp-json\/wp\/v2\/users\/2"}],"replies":[{"embeddable":true,"href":"https:\/\/www.europesays.com\/fr\/wp-json\/wp\/v2\/comments?post=367761"}],"version-history":[{"count":0,"href":"https:\/\/www.europesays.com\/fr\/wp-json\/wp\/v2\/posts\/367761\/revisions"}],"wp:featuredmedia":[{"embeddable":true,"href":"https:\/\/www.europesays.com\/fr\/wp-json\/wp\/v2\/media\/367762"}],"wp:attachment":[{"href":"https:\/\/www.europesays.com\/fr\/wp-json\/wp\/v2\/media?parent=367761"}],"wp:term":[{"taxonomy":"category","embeddable":true,"href":"https:\/\/www.europesays.com\/fr\/wp-json\/wp\/v2\/categories?post=367761"},{"taxonomy":"post_tag","embeddable":true,"href":"https:\/\/www.europesays.com\/fr\/wp-json\/wp\/v2\/tags?post=367761"}],"curies":[{"name":"wp","href":"https:\/\/api.w.org\/{rel}","templated":true}]}}