{"id":367763,"date":"2025-09-05T08:56:10","date_gmt":"2025-09-05T08:56:10","guid":{"rendered":"https:\/\/www.europesays.com\/fr\/367763\/"},"modified":"2025-09-05T08:56:10","modified_gmt":"2025-09-05T08:56:10","slug":"mania-the-abba-tribute-le-zenith-de-toulouse-se-transforme-en-piste-de-danse-des-annees-80","status":"publish","type":"post","link":"https:\/\/www.europesays.com\/fr\/367763\/","title":{"rendered":"\u00ab\u00a0Mania, the Abba Tribute\u00a0\u00bb : Le Z\u00e9nith de Toulouse se Transforme en Piste de Danse des Ann\u00e9es 80 !"},"content":{"rendered":"<p><b>Toulouse, pr\u00e9parez-vous \u00e0 remonter le temps ! Le Z\u00e9nith Toulouse M\u00e9tropole vous invite \u00e0 une soir\u00e9e disco et paillet\u00e9e avec \u00ab\u00a0Mania, the Abba Tribute\u00a0\u00bb le mercredi 8 octobre 2025 \u00e0 20h00. Le Tribute Band d\u2019ABBA le plus reconnu au monde vous promet deux heures de pur bonheur et de tubes \u00e9ternels !<\/b><\/p>\n<p><img loading=\"lazy\" decoding=\"async\" class=\"size-medium wp-image-898601 aligncenter\" src=\"https:\/\/www.europesays.com\/fr\/wp-content\/uploads\/2025\/09\/Mania-The-ABBA-TRIBUTE-Toulouse-300x203.jpg.webp.webp\" alt=\"\" width=\"300\" height=\"203\"  \/><\/p>\n<p>Pr\u00e9sent\u00e9 par RICHARD WALTER PRODUCTIONS dans le cadre de sa s\u00e9rie \u00ab\u00a0LE CONCERT EXTRAORDINAIRE\u00a0\u00bb, \u00ab\u00a0Mania\u00a0\u00bb est une incarnation saisissante et plus vraie que nature du groupe mythique des ann\u00e9es 80. L\u2019ambiance est garantie !<\/p>\n<p>Le spectacle est fid\u00e8le aux moindres d\u00e9tails : les instruments, les \u00e9clairages, les chor\u00e9graphies, les semelles compens\u00e9es, les paillettes et les boules disco\u2026 tout est l\u00e0, jusqu\u2019\u00e0 l\u2019accent su\u00e9dois, pour vous emporter directement dans l\u2019univers d\u2019ABBA.<\/p>\n<p>Durant ce spectacle \u00e0 couper le souffle, vous pourrez revivre, chanter et danser sur les plus grands succ\u00e8s du groupe : <b>\u00ab\u00a0Money Money Money\u00a0\u00bb<\/b>, <b>\u00ab\u00a0Waterloo\u00a0\u00bb<\/b>, <b>\u00ab\u00a0Gimme, Gimme, Gimme\u00a0\u00bb<\/b>, <b>\u00ab\u00a0Dancing Queen\u00a0\u00bb<\/b>, <b>\u00ab\u00a0SOS\u00a0\u00bb<\/b>, et bien d\u2019autres encore.<\/p>\n<p>Venez faire la f\u00eate et vous installer \u00e0 bord d\u2019une formidable machine \u00e0 remonter le temps ! Que vous soyez nostalgique des ann\u00e9es disco ou simplement amateur de bonne musique, ce concert est un rendez-vous \u00e0 ne pas manquer.<\/p>\n<\/p>\n<p>Informations pratiques :<\/p>\n<p><b>Spectacle :<\/b> \u00ab\u00a0Mania, the Abba Tribute\u00a0\u00bb<br \/><b>Date :<\/b> Mercredi 8 octobre 2025<br \/><b>Heure :<\/b> 20h00<br \/><b>Lieu :<\/b> Z\u00e9nith Toulouse M\u00e9tropole<br \/><b>Tarifs :<\/b> De 49 \u00e0 79 \u20ac<br \/><b>R\u00e9servations :<\/b> <a href=\"https:\/\/zenith-toulousemetropole.com\/shows\/MANIA,%20THE%20ABBA%20TRIBUTE-20356\" target=\"_blank\" rel=\"noopener nofollow\">Z\u00e9nith Toulouse M\u00e9tropole<\/a><\/p>\n","protected":false},"excerpt":{"rendered":"Toulouse, pr\u00e9parez-vous \u00e0 remonter le temps ! Le Z\u00e9nith Toulouse M\u00e9tropole vous invite \u00e0 une soir\u00e9e disco et&hellip;\n","protected":false},"author":2,"featured_media":367764,"comment_status":"","ping_status":"","sticky":false,"template":"","format":"standard","meta":{"footnotes":""},"categories":[2816],"tags":[1111,11,1777,674,1011,27,12,2680,25,2312],"class_list":{"0":"post-367763","1":"post","2":"type-post","3":"status-publish","4":"format-standard","5":"has-post-thumbnail","7":"category-toulouse","8":"tag-actu","9":"tag-actualites","10":"tag-eu","11":"tag-europe","12":"tag-fr","13":"tag-france","14":"tag-news","15":"tag-occitanie","16":"tag-republique-francaise","17":"tag-toulouse"},"share_on_mastodon":{"url":"https:\/\/pubeurope.com\/@fr\/115150860052319639","error":""},"_links":{"self":[{"href":"https:\/\/www.europesays.com\/fr\/wp-json\/wp\/v2\/posts\/367763","targetHints":{"allow":["GET"]}}],"collection":[{"href":"https:\/\/www.europesays.com\/fr\/wp-json\/wp\/v2\/posts"}],"about":[{"href":"https:\/\/www.europesays.com\/fr\/wp-json\/wp\/v2\/types\/post"}],"author":[{"embeddable":true,"href":"https:\/\/www.europesays.com\/fr\/wp-json\/wp\/v2\/users\/2"}],"replies":[{"embeddable":true,"href":"https:\/\/www.europesays.com\/fr\/wp-json\/wp\/v2\/comments?post=367763"}],"version-history":[{"count":0,"href":"https:\/\/www.europesays.com\/fr\/wp-json\/wp\/v2\/posts\/367763\/revisions"}],"wp:featuredmedia":[{"embeddable":true,"href":"https:\/\/www.europesays.com\/fr\/wp-json\/wp\/v2\/media\/367764"}],"wp:attachment":[{"href":"https:\/\/www.europesays.com\/fr\/wp-json\/wp\/v2\/media?parent=367763"}],"wp:term":[{"taxonomy":"category","embeddable":true,"href":"https:\/\/www.europesays.com\/fr\/wp-json\/wp\/v2\/categories?post=367763"},{"taxonomy":"post_tag","embeddable":true,"href":"https:\/\/www.europesays.com\/fr\/wp-json\/wp\/v2\/tags?post=367763"}],"curies":[{"name":"wp","href":"https:\/\/api.w.org\/{rel}","templated":true}]}}