{"id":367765,"date":"2025-09-05T08:57:10","date_gmt":"2025-09-05T08:57:10","guid":{"rendered":"https:\/\/www.europesays.com\/fr\/367765\/"},"modified":"2025-09-05T08:57:10","modified_gmt":"2025-09-05T08:57:10","slug":"fete-de-la-paille-et-de-la-laine","status":"publish","type":"post","link":"https:\/\/www.europesays.com\/fr\/367765\/","title":{"rendered":"FETE DE LA PAILLE ET DE LA LAINE"},"content":{"rendered":"\n<p data-start=\"174\" data-end=\"338\">Nouveaut\u00e9 au Mus\u00e9e, \u00e0 la F\u00eate de la Paille s\u2019ajoute cette ann\u00e9e toute une pr\u00e9sentation de la laine. Il y aura donc deux \u00e9v\u00e9nements \u00e0 d\u00e9couvrir en cet apr\u00e8s-midi :<\/p>\n<p data-start=\"340\" data-end=\"809\">D\u2019un c\u00f4t\u00e9, la paille :<br data-start=\"362\" data-end=\"365\"\/>La traditionnelle \u00ab f\u00eate de la moisson \u00bb du Mus\u00e9e perp\u00e9tue depuis 40 ans le battage du bl\u00e9 comme autrefois : du fl\u00e9au \u00e0 la batteuse en passant par la bogueuse actionn\u00e9e par le cheval, c\u2019est toute l\u2019histoire du bl\u00e9 qui sera \u00e9voqu\u00e9e par des d\u00e9monstrations. Ce bl\u00e9 a \u00e9t\u00e9 moissonn\u00e9 \u00e0 la main cet \u00e9t\u00e9 par une \u00e9quipe de b\u00e9n\u00e9voles du Mus\u00e9e. L\u2019association \u00ab Les Pistons de l\u2019Alloeu**\u00bb** sera \u00e9galement pr\u00e9sente avec une ancienne presse \u00e0 ballots.<\/p>\n<p data-start=\"811\" data-end=\"1024\">On trouvera \u00e9galement dans cet espace un stand de pr\u00e9sentation des techniques actuelles de construction et de l\u2019utilisation de la paille dans la d\u00e9coration, en d\u00e9monstration avec l\u2019Atelier Paille de Ronchin.<\/p>\n<p data-start=\"1026\" data-end=\"1321\">De l\u2019autre c\u00f4t\u00e9, la laine :<br data-start=\"1053\" data-end=\"1056\"\/>Du mouton, avec d\u00e9monstration de chiens de berger, au cardage, filage, tissage et tricot, toute la cha\u00eene de production de la laine sera pr\u00e9sent\u00e9e gr\u00e2ce \u00e0 de nombreux intervenants, dont les membres habitu\u00e9s du caf\u00e9-tricot qui se r\u00e9unit au Mus\u00e9e chaque samedi.<\/p>\n<p data-start=\"1323\" data-end=\"1389\">Entr\u00e9e gratuite pour toutes ces activit\u00e9s et la visite du Mus\u00e9e.<\/p>\n","protected":false},"excerpt":{"rendered":"Nouveaut\u00e9 au Mus\u00e9e, \u00e0 la F\u00eate de la Paille s\u2019ajoute cette ann\u00e9e toute une pr\u00e9sentation de la laine.&hellip;\n","protected":false},"author":2,"featured_media":367766,"comment_status":"","ping_status":"","sticky":false,"template":"","format":"standard","meta":{"footnotes":""},"categories":[2815],"tags":[1111,11,50216,50212,50222,50218,50217,50215,20507,20142,1777,674,50210,50219,1011,27,811,50211,1307,31591,3048,12,50213,50214,50224,25,50223,50220,50221,50225],"class_list":{"0":"post-367765","1":"post","2":"type-post","3":"status-publish","4":"format-standard","5":"has-post-thumbnail","7":"category-lille","8":"tag-actu","9":"tag-actualites","10":"tag-atelier-paille-de-ronchin","11":"tag-battage-du-ble","12":"tag-cafe-tricot","13":"tag-cardage","14":"tag-chiens-de-berger","15":"tag-construction-en-paille","16":"tag-demonstrations","17":"tag-entree-gratuite","18":"tag-eu","19":"tag-europe","20":"tag-fete-de-la-paille","21":"tag-filage","22":"tag-fr","23":"tag-france","24":"tag-hauts-de-france","25":"tag-laine","26":"tag-lille","27":"tag-moisson","28":"tag-musee","29":"tag-news","30":"tag-pistons-de-lalloeu","31":"tag-presse-a-ballots","32":"tag-production-de-laine","33":"tag-republique-francaise","34":"tag-techniques-actuelles","35":"tag-tissage","36":"tag-tricot","37":"tag-visite-du-musee"},"share_on_mastodon":{"url":"https:\/\/pubeurope.com\/@fr\/115150863993327643","error":""},"_links":{"self":[{"href":"https:\/\/www.europesays.com\/fr\/wp-json\/wp\/v2\/posts\/367765","targetHints":{"allow":["GET"]}}],"collection":[{"href":"https:\/\/www.europesays.com\/fr\/wp-json\/wp\/v2\/posts"}],"about":[{"href":"https:\/\/www.europesays.com\/fr\/wp-json\/wp\/v2\/types\/post"}],"author":[{"embeddable":true,"href":"https:\/\/www.europesays.com\/fr\/wp-json\/wp\/v2\/users\/2"}],"replies":[{"embeddable":true,"href":"https:\/\/www.europesays.com\/fr\/wp-json\/wp\/v2\/comments?post=367765"}],"version-history":[{"count":0,"href":"https:\/\/www.europesays.com\/fr\/wp-json\/wp\/v2\/posts\/367765\/revisions"}],"wp:featuredmedia":[{"embeddable":true,"href":"https:\/\/www.europesays.com\/fr\/wp-json\/wp\/v2\/media\/367766"}],"wp:attachment":[{"href":"https:\/\/www.europesays.com\/fr\/wp-json\/wp\/v2\/media?parent=367765"}],"wp:term":[{"taxonomy":"category","embeddable":true,"href":"https:\/\/www.europesays.com\/fr\/wp-json\/wp\/v2\/categories?post=367765"},{"taxonomy":"post_tag","embeddable":true,"href":"https:\/\/www.europesays.com\/fr\/wp-json\/wp\/v2\/tags?post=367765"}],"curies":[{"name":"wp","href":"https:\/\/api.w.org\/{rel}","templated":true}]}}