{"id":367767,"date":"2025-09-05T08:58:19","date_gmt":"2025-09-05T08:58:19","guid":{"rendered":"https:\/\/www.europesays.com\/fr\/367767\/"},"modified":"2025-09-05T08:58:19","modified_gmt":"2025-09-05T08:58:19","slug":"voici-ou-trouver-les-fameux-tas-de-moules","status":"publish","type":"post","link":"https:\/\/www.europesays.com\/fr\/367767\/","title":{"rendered":"voici o\u00f9 trouver les fameux tas de moules"},"content":{"rendered":"<p>            Par<br \/>\n        <strong><br \/>\n            <a href=\"https:\/\/actu.fr\/auteur\/nicolas-demollien\" title=\"Consulter tous les articles de Nicolas Demollien\" target=\"_blank\" rel=\"noopener\">Nicolas Demollien<\/a><br \/>\n        <\/strong><\/p>\n<p>        Publi\u00e9 le<\/p>\n<p>            5 sept. 2025 \u00e0 10h42        <\/p>\n<p>La <a href=\"https:\/\/actu.fr\/tag\/braderie-de-lille\" target=\"_blank\" rel=\"noopener\">Braderie de Lille<\/a> (Nord) ne serait pas vraiment pareille sans ses <b>fameux tas de coquilles de moules<\/b>. Et bonne nouvelle : ils seront bien l\u00e0 en <b>2025<\/b>, en <b>plusieurs lieux de l\u2019\u00e9v\u00e9nement<\/b>.<\/p>\n<p>O\u00f9 trouver les tas de moules de la Braderie 2025 ?<\/p>\n<p class=\" wall-content\">Plus pr\u00e9cis\u00e9ment, ils seront <b>au nombre de six<\/b>. Vous les trouverez <b>pr\u00e8s des \u00e9tablissements suivants<\/b> :<\/p>\n<ul class=\" wall-content\">\n<li><b>La Chicor\u00e9e<\/b> (15, place Rihour),<\/li>\n<li><b>Le Verlaine<\/b> (48, boulevard Jean-Baptiste Lebas)<\/li>\n<li><b>L\u2019gaiette<\/b> (30, rue Mass\u00e9na),<\/li>\n<li><b>Fripouille<\/b> (11, place Jacquard),<\/li>\n<li><b>Aux artistes<\/b> (1, place du Concert),<\/li>\n<li><b>Le Parisis<\/b> (18, place Simon Vollant).<\/li>\n<\/ul>\n<p class=\" wall-content\">Ce sont ces \u00e9tablissements qui sont <b>responsables de leurs tas de moules<\/b>, \u00ab\u00a0car cela s\u2019entretient\u00a0\u00bb, sourit le maire-adjoint Jacques Richir.<\/p>\n<p class=\" wall-content\">Ces tas sont aujourd\u2019hui d\u00e9clar\u00e9s en mairie et surveill\u00e9s de pr\u00e8s pour des raisons d\u2019hygi\u00e8ne notamment. Ils continuent d\u2019attirer ann\u00e9e apr\u00e8s ann\u00e9e une <b>foule de badauds<\/b> qui s\u2019y pressent pour<b> les prendre en photo<\/b> et plus souvent encore <b>poser en selfie devant<\/b>.<\/p>\n<p class=\" wall-content\">Pour m\u00e9moire, les coquilles des moules sont r\u00e9utilis\u00e9s. R\u00e9cemment, elles ont permis la <a href=\"https:\/\/actu.fr\/hauts-de-france\/lille_59350\/lille-ces-nouveaux-bancs-sont-fabriques-en-coquilles-de-moules-de-la-braderie_63111581.html\" target=\"_blank\" rel=\"noopener\">fabrication de bancs qui ont \u00e9t\u00e9 install\u00e9s pr\u00e8s de l\u2019h\u00f4tel de ville<\/a>.<\/p>\n<p class=\" wall-content\">Personnalisez votre actualit\u00e9 en ajoutant vos villes et m\u00e9dias en favori avec <a href=\"https:\/\/moncompte.actu.fr\" title=\"D\u00e9couvez Mon Actu\" rel=\"nofollow noopener\" data-trk=\"{&quot;cta&quot;:{&quot;action&quot;:&quot;https:\\\/\\\/moncompte.actu.fr&quot;,&quot;category&quot;:&quot;mon compte&quot;,&quot;from&quot;:&quot;article footer&quot;,&quot;name&quot;:&quot;Mon actu&quot;,&quot;type&quot;:&quot;cta&quot;}}\" target=\"_blank\">Mon Actu<\/a>.<\/p>\n","protected":false},"excerpt":{"rendered":"Par Nicolas Demollien Publi\u00e9 le 5 sept. 2025 \u00e0 10h42 La Braderie de Lille (Nord) ne serait pas&hellip;\n","protected":false},"author":2,"featured_media":367768,"comment_status":"","ping_status":"","sticky":false,"template":"","format":"standard","meta":{"footnotes":""},"categories":[2815],"tags":[1111,11,18703,1777,674,1011,27,811,1307,1652,12,25],"class_list":{"0":"post-367767","1":"post","2":"type-post","3":"status-publish","4":"format-standard","5":"has-post-thumbnail","7":"category-lille","8":"tag-actu","9":"tag-actualites","10":"tag-braderie-de-lille","11":"tag-eu","12":"tag-europe","13":"tag-fr","14":"tag-france","15":"tag-hauts-de-france","16":"tag-lille","17":"tag-loisirs-culture","18":"tag-news","19":"tag-republique-francaise"},"share_on_mastodon":{"url":"https:\/\/pubeurope.com\/@fr\/115150867884469209","error":""},"_links":{"self":[{"href":"https:\/\/www.europesays.com\/fr\/wp-json\/wp\/v2\/posts\/367767","targetHints":{"allow":["GET"]}}],"collection":[{"href":"https:\/\/www.europesays.com\/fr\/wp-json\/wp\/v2\/posts"}],"about":[{"href":"https:\/\/www.europesays.com\/fr\/wp-json\/wp\/v2\/types\/post"}],"author":[{"embeddable":true,"href":"https:\/\/www.europesays.com\/fr\/wp-json\/wp\/v2\/users\/2"}],"replies":[{"embeddable":true,"href":"https:\/\/www.europesays.com\/fr\/wp-json\/wp\/v2\/comments?post=367767"}],"version-history":[{"count":0,"href":"https:\/\/www.europesays.com\/fr\/wp-json\/wp\/v2\/posts\/367767\/revisions"}],"wp:featuredmedia":[{"embeddable":true,"href":"https:\/\/www.europesays.com\/fr\/wp-json\/wp\/v2\/media\/367768"}],"wp:attachment":[{"href":"https:\/\/www.europesays.com\/fr\/wp-json\/wp\/v2\/media?parent=367767"}],"wp:term":[{"taxonomy":"category","embeddable":true,"href":"https:\/\/www.europesays.com\/fr\/wp-json\/wp\/v2\/categories?post=367767"},{"taxonomy":"post_tag","embeddable":true,"href":"https:\/\/www.europesays.com\/fr\/wp-json\/wp\/v2\/tags?post=367767"}],"curies":[{"name":"wp","href":"https:\/\/api.w.org\/{rel}","templated":true}]}}