{"id":367769,"date":"2025-09-05T08:59:12","date_gmt":"2025-09-05T08:59:12","guid":{"rendered":"https:\/\/www.europesays.com\/fr\/367769\/"},"modified":"2025-09-05T08:59:12","modified_gmt":"2025-09-05T08:59:12","slug":"projection-geante-et-gratuite-sur-le-voilier-kraken-dans-le-vieux-port-marseillais-13-09-2025-marseille","status":"publish","type":"post","link":"https:\/\/www.europesays.com\/fr\/367769\/","title":{"rendered":"Projection g\u00e9ante et gratuite sur le voilier Kraken dans le Vieux-Port marseillais &#8211; 13\/09\/2025 &#8211; Marseille"},"content":{"rendered":"<p>Imagin\u00e9 par l\u2019association <strong style=\"letter-spacing: 0.01em;\">Wings of the Ocean<\/strong> et le collectif <strong style=\"letter-spacing: 0.01em;\">Polymer<\/strong>, la projection gratuite et ouverte d&rsquo;une oeuvre de\u00a0Manon Lef\u00e9bure et Tom H\u00e9brard. La particularit\u00e9 ? La\u00a0cr\u00e9ation audio-visuelle originale autour de la pollution plastique sera projet\u00e9e sur les voiles du Kraken, sur le\u00a0<strong style=\"letter-spacing: 0.01em;\">Quai de la Fraternit\u00e9 du Vieux-Port de Marseille<\/strong>\u00a0<\/p>\n<p>&#13;<br \/>\nUn voilier, une \u0153uvre, un message&#13;<\/p>\n<p>\u00c0 la tomb\u00e9e de la nuit, le Kraken hissera donc ses voiles pour offrir une toile vivante aux cr\u00e9ations de <strong>Manon Lef\u00e9bure<\/strong>, plasticienne et conteuse, et de <strong>Tom H\u00e9brard<\/strong>, designer et inventeur du <strong>VisioPhare<\/strong>, un r\u00e9troprojecteur d\u00e9tourn\u00e9 en outil de projection low-tech et open source. Ensemble, ils formeront le duo <strong>Le Renard et la Baleine<\/strong> et pr\u00e9senteront \u00ab <strong>Bout de ficelle<\/strong> \u00bb, une \u0153uvre audiovisuelle qui entrem\u00eale images et r\u00e9cit.<\/p>\n<p>&#13;<br \/>\nUne plong\u00e9e po\u00e9tique au fil du plastique&#13;<\/p>\n<p>Le spectacle invite les spectateurs \u00e0 <strong>suivre le chemin du plastique depuis son origine, en remontant rivi\u00e8res et fili\u00e8res, jusqu\u2019\u00e0 ses usages quotidiens.<\/strong> Par ce r\u00e9cit sonore et visuel, les artistes interrogent nos habitudes de consommation et imaginent des alternatives. Leur ambition : <strong>transformer la sensibilisation en une exp\u00e9rience sensible<\/strong>, capable de susciter l\u2019\u00e9motion et l\u2019imaginaire collectif.<\/p>\n<p>&#13;<br \/>\nInfos pratiques&#13;<\/p>\n<p>Samedi 13 septembre 2025<br \/>Quai de la Fraternit\u00e9 sur le Vieux-Port de Marseille<br \/>A partir de\u00a020h30<br \/><strong style=\"letter-spacing: 0.01em;\">Entr\u00e9e libre et gratuite, sans r\u00e9servation<\/strong><\/p>\n","protected":false},"excerpt":{"rendered":"Imagin\u00e9 par l\u2019association Wings of the Ocean et le collectif Polymer, la projection gratuite et ouverte d&rsquo;une oeuvre&hellip;\n","protected":false},"author":2,"featured_media":367770,"comment_status":"","ping_status":"","sticky":false,"template":"","format":"standard","meta":{"footnotes":""},"categories":[2814],"tags":[1111,11,1777,674,1011,27,884,12,882,25],"class_list":{"0":"post-367769","1":"post","2":"type-post","3":"status-publish","4":"format-standard","5":"has-post-thumbnail","7":"category-marseille","8":"tag-actu","9":"tag-actualites","10":"tag-eu","11":"tag-europe","12":"tag-fr","13":"tag-france","14":"tag-marseille","15":"tag-news","16":"tag-provence-alpes-cote-dazur","17":"tag-republique-francaise"},"share_on_mastodon":{"url":"https:\/\/pubeurope.com\/@fr\/115150872273565626","error":""},"_links":{"self":[{"href":"https:\/\/www.europesays.com\/fr\/wp-json\/wp\/v2\/posts\/367769","targetHints":{"allow":["GET"]}}],"collection":[{"href":"https:\/\/www.europesays.com\/fr\/wp-json\/wp\/v2\/posts"}],"about":[{"href":"https:\/\/www.europesays.com\/fr\/wp-json\/wp\/v2\/types\/post"}],"author":[{"embeddable":true,"href":"https:\/\/www.europesays.com\/fr\/wp-json\/wp\/v2\/users\/2"}],"replies":[{"embeddable":true,"href":"https:\/\/www.europesays.com\/fr\/wp-json\/wp\/v2\/comments?post=367769"}],"version-history":[{"count":0,"href":"https:\/\/www.europesays.com\/fr\/wp-json\/wp\/v2\/posts\/367769\/revisions"}],"wp:featuredmedia":[{"embeddable":true,"href":"https:\/\/www.europesays.com\/fr\/wp-json\/wp\/v2\/media\/367770"}],"wp:attachment":[{"href":"https:\/\/www.europesays.com\/fr\/wp-json\/wp\/v2\/media?parent=367769"}],"wp:term":[{"taxonomy":"category","embeddable":true,"href":"https:\/\/www.europesays.com\/fr\/wp-json\/wp\/v2\/categories?post=367769"},{"taxonomy":"post_tag","embeddable":true,"href":"https:\/\/www.europesays.com\/fr\/wp-json\/wp\/v2\/tags?post=367769"}],"curies":[{"name":"wp","href":"https:\/\/api.w.org\/{rel}","templated":true}]}}