{"id":367772,"date":"2025-09-05T09:01:11","date_gmt":"2025-09-05T09:01:11","guid":{"rendered":"https:\/\/www.europesays.com\/fr\/367772\/"},"modified":"2025-09-05T09:01:11","modified_gmt":"2025-09-05T09:01:11","slug":"lyon-le-temps-dattente-explose-et-inquiete-aux-urgences-de-cet-hopital-les-hcl-secoues","status":"publish","type":"post","link":"https:\/\/www.europesays.com\/fr\/367772\/","title":{"rendered":"Lyon. Le temps d&rsquo;attente explose et inqui\u00e8te aux urgences de cet h\u00f4pital, les HCL secou\u00e9s"},"content":{"rendered":"<p>            Par<br \/>\n        <strong><br \/>\n            <a href=\"https:\/\/actu.fr\/auteur\/julien-damboise\" title=\"Consulter tous les articles de Julien Damboise\" rel=\"nofollow noopener\" target=\"_blank\">Julien Damboise<\/a><br \/>\n        <\/strong><\/p>\n<p>        Publi\u00e9 le<\/p>\n<p>            5 sept. 2025 \u00e0 10h30        <\/p>\n<p>Le syndicat Sud des <a href=\"https:\/\/actu.fr\/tag\/pompiers\" rel=\"nofollow noopener\" target=\"_blank\">sapeurs-pompiers<\/a> du Rh\u00f4ne alerte sur une <strong>p\u00e9riode compliqu\u00e9e \u00e0 l\u2019h\u00f4pital \u00c9douard Herriot<\/strong>, \u00e0 <a href=\"https:\/\/actu.fr\/auvergne-rhone-alpes\/lyon_69123\" rel=\"nofollow noopener\" target=\"_blank\">Lyon<\/a>, quelques jours apr\u00e8s la rentr\u00e9e scolaire. Ce jeudi 4 septembre 2025, les secouristes assurent que l\u2019<strong>attente est beaucoup trop longue<\/strong> aux urgences.<br \/>Rudement mise en cause, la direction des HCL r\u00e9pond \u00e0 leurs inqui\u00e9tudes.<\/p>\n<p>    <a href=\"https:\/\/www.google.com\/maps\/embed?pb=!1m18!1m12!1m3!1d2943.8791124054283!2d4.8798315120274385!3d45.743955370959235!2m3!1f0!2f0!3f0!3m2!1i1024!2i768!4f13.1!3m3!1m2!1s0x47f4c1dd513c003f%3A0xdbf1c18a3a022052!2sH%C3%B4pital%20Edouard%20Herriot!5e1!3m2!1sfr!2sfr!4v1756998467164!5m2!1sfr!2sfr\" title=\"Ouvrie le lien\" rel=\"nofollow noopener\" target=\"_blank\">Cliquez ici pour visualiser le contenu<\/a><\/p>\n<p>De nombreux patients en attente<\/p>\n<p class=\" wall-content\">Sur les images transmises \u00e0 actu Lyon, on d\u00e9couvre des ambulances priv\u00e9es et celles des sapeurs-pompiers en train d\u2019<strong>attendre que leurs patients soient pris en charge<\/strong> par le personnel soignant.<\/p>\n<p class=\" wall-content\">\u00c0 l\u2019int\u00e9rieur du b\u00e2timent, les malades attendent leur tour sur les brancards install\u00e9s dans les couloirs.<\/p>\n<p>Les pompiers alertent<\/p>\n<p class=\" wall-content\">Les temps d\u2019attente aux urgences s\u2019allongeant fortement, il y a un \u00ab\u00a0<strong>impact direct sur la prise en charge des victimes\u00a0\u00bb<\/strong>, d\u2019apr\u00e8s le syndicat Sud des sapeurs-pompiers du Rh\u00f4ne.<\/p>\n<blockquote class=\"ac-article-quote wall-content\">\n<p>La mobilisation massive de pompiers et d\u2019ambulances sur place bloque les moyens disponibles, ce qui compromet la capacit\u00e9 \u00e0 r\u00e9pondre efficacement \u00e0 un incendie avec des \u00e9quipages complets.<\/p>\n<p>    <strong>Syndicat SUD<\/strong>\n            <\/p><\/blockquote>\n<p class=\" wall-content\">Toujours selon les soldats du feu, six ambulances correspondent \u00e0 18 pompiers, ou trois fourgons incendies. Ce qui pourrait <strong>poser un probl\u00e8me en cas de sinistre<\/strong> majeur selon eux.<\/p>\n<p>Votre r\u00e9gion, votre actu !<\/p>\n<p>Recevez chaque jour les infos qui comptent pour vous.<\/p>\n<p>\t<a href=\"https:\/\/actu.fr\/newsletter\" class=\"ac-btn ac-btn--corner ac-btn--medium ac-btn--blue800\" rel=\"nofollow noopener\" target=\"_blank\">S&rsquo;incrire<\/a><\/p>\n<blockquote class=\"tiktok-embed\" cite=\"https:\/\/www.tiktok.com\/@actulyon\/video\/7426029605057776929\" data-video-id=\"7426029605057776929\" data-embed-from=\"oembed\" style=\"max-width:605px; min-width:325px;\"><p>\n<a target=\"_blank\" title=\"@actulyon\" href=\"https:\/\/www.tiktok.com\/@actulyon?refer=embed\" rel=\"nofollow noopener\">@actulyon<\/a> <\/p>\n<p>Les ambulances attendent des heures avec leurs patients devant les urgences de l\u2019h\u00f4pital Edouard Herriot mardi 8 octobre. Le syndicat des sapeurs-pompiers du Rh\u00f4ne denonce des \u00ab\u00a0d\u00e9lais d\u2019attente inadmissibles\u00a0\u00bb depuis le debut du mois d\u2019octobre. <a title=\"lyon\" target=\"_blank\" href=\"https:\/\/www.tiktok.com\/tag\/lyon?refer=embed\" rel=\"nofollow noopener\">#Lyon<\/a> <a title=\"fyp\" target=\"_blank\" href=\"https:\/\/www.tiktok.com\/tag\/fyp?refer=embed\" rel=\"nofollow noopener\">#fyp<\/a> <a title=\"fy\" target=\"_blank\" href=\"https:\/\/www.tiktok.com\/tag\/fy?refer=embed\" rel=\"nofollow noopener\">#fy<\/a> <a title=\"pourtoi\" target=\"_blank\" href=\"https:\/\/www.tiktok.com\/tag\/pourtoi?refer=embed\" rel=\"nofollow noopener\">#pourtoi<\/a> <a title=\"hospital\" target=\"_blank\" href=\"https:\/\/www.tiktok.com\/tag\/hospital?refer=embed\" rel=\"nofollow noopener\">#hospital<\/a> <\/p>\n<p> <a target=\"_blank\" title=\"\u266c The Last of Us (Remix) - \u6797\u603f\" href=\"https:\/\/www.tiktok.com\/music\/The-Last-of-Us-Remix-6870904997094098952?refer=embed\" rel=\"nofollow noopener\">\u266c The Last of Us (Remix) \u2013 \u6797\u603f<\/a> <\/p>\n<\/blockquote>\n<p>L\u2019h\u00f4pital r\u00e9agit<\/p>\n<p class=\" wall-content\">Contact\u00e9e par actu Lyon, la direction des Hospices Civils de Lyon explique que \u00ab\u00a0bien \u00e9videmment, l\u2019int\u00e9gralit\u00e9 des patients est prise en charge et qu\u2019ils sont, comme toujours aux urgences, prioris\u00e9s. Les <strong>urgences vitales sont trait\u00e9es imm\u00e9diatement<\/strong>, sans aucun d\u00e9lai\u00a0\u00bb.<\/p>\n<p>    <img   decoding=\"async\" loading=\"lazy\" src=\"https:\/\/www.europesays.com\/fr\/wp-content\/uploads\/2025\/09\/urgences-heh-lyon-pompiers-960x640.jpeg\" alt=\"Les urgences de l'h\u00f4pital \u00c9douard Herriot de Lyon sont surcharg\u00e9es ce jeudi 4 septembre 2025.\" width=\"960\" height=\"640\"\/><br \/>\n    Les urgences de l\u2019h\u00f4pital \u00c9douard Herriot de Lyon sont surcharg\u00e9es ce jeudi 4 septembre 2025. (\u00a9Syndicat SUD)<\/p>\n<p class=\" wall-content\">Les HCL ajoutent qu\u2019il n\u2019y a \u00ab\u00a0aucune perte de chance pour qui que ce soit\u00a0\u00bb, mais reconnaissent le caract\u00e8re p\u00e9nible pour les pompiers qui ne peuvent pas repartir imm\u00e9diatement.<\/p>\n<p class=\" wall-content\">Il est enfin pr\u00e9cis\u00e9 qu\u2019en\u00a0cas de grosses affluences, \u00ab\u00a0des m\u00e9decins urgentistes <strong>se d\u00e9placent jusqu\u2019aux v\u00e9hicules<\/strong> de pompiers pour faire les premi\u00e8res \u00e9valuations et \u00e9ventuellement prendre en charge le patient si son cas le n\u00e9cessite\u00a0\u00bb.\u00a0<\/p>\n<p class=\" wall-content\">Personnalisez votre actualit\u00e9 en ajoutant vos villes et m\u00e9dias en favori avec <a href=\"https:\/\/moncompte.actu.fr\" title=\"D\u00e9couvez Mon Actu\" rel=\"nofollow noopener\" data-trk=\"{&quot;cta&quot;:{&quot;action&quot;:&quot;https:\\\/\\\/moncompte.actu.fr&quot;,&quot;category&quot;:&quot;mon compte&quot;,&quot;from&quot;:&quot;article footer&quot;,&quot;name&quot;:&quot;Mon actu&quot;,&quot;type&quot;:&quot;cta&quot;}}\" target=\"_blank\">Mon Actu<\/a>.<\/p>\n<p>                    <script async src=\"\/\/www.tiktok.com\/embed.js\"><\/script><\/p>\n","protected":false},"excerpt":{"rendered":"Par Julien Damboise Publi\u00e9 le 5 sept. 2025 \u00e0 10h30 Le syndicat Sud des sapeurs-pompiers du Rh\u00f4ne alerte&hellip;\n","protected":false},"author":2,"featured_media":367773,"comment_status":"","ping_status":"","sticky":false,"template":"","format":"standard","meta":{"footnotes":""},"categories":[1889],"tags":[1111,11,2430,1777,674,118,1011,27,100,2428,12,1311,25,6444],"class_list":{"0":"post-367772","1":"post","2":"type-post","3":"status-publish","4":"format-standard","5":"has-post-thumbnail","7":"category-lyon","8":"tag-actu","9":"tag-actualites","10":"tag-auvergne-rhone-alpes","11":"tag-eu","12":"tag-europe","13":"tag-faits-divers","14":"tag-fr","15":"tag-france","16":"tag-hopital","17":"tag-lyon","18":"tag-news","19":"tag-pompiers","20":"tag-republique-francaise","21":"tag-urgences"},"share_on_mastodon":{"url":"https:\/\/pubeurope.com\/@fr\/115150879834692118","error":""},"_links":{"self":[{"href":"https:\/\/www.europesays.com\/fr\/wp-json\/wp\/v2\/posts\/367772","targetHints":{"allow":["GET"]}}],"collection":[{"href":"https:\/\/www.europesays.com\/fr\/wp-json\/wp\/v2\/posts"}],"about":[{"href":"https:\/\/www.europesays.com\/fr\/wp-json\/wp\/v2\/types\/post"}],"author":[{"embeddable":true,"href":"https:\/\/www.europesays.com\/fr\/wp-json\/wp\/v2\/users\/2"}],"replies":[{"embeddable":true,"href":"https:\/\/www.europesays.com\/fr\/wp-json\/wp\/v2\/comments?post=367772"}],"version-history":[{"count":0,"href":"https:\/\/www.europesays.com\/fr\/wp-json\/wp\/v2\/posts\/367772\/revisions"}],"wp:featuredmedia":[{"embeddable":true,"href":"https:\/\/www.europesays.com\/fr\/wp-json\/wp\/v2\/media\/367773"}],"wp:attachment":[{"href":"https:\/\/www.europesays.com\/fr\/wp-json\/wp\/v2\/media?parent=367772"}],"wp:term":[{"taxonomy":"category","embeddable":true,"href":"https:\/\/www.europesays.com\/fr\/wp-json\/wp\/v2\/categories?post=367772"},{"taxonomy":"post_tag","embeddable":true,"href":"https:\/\/www.europesays.com\/fr\/wp-json\/wp\/v2\/tags?post=367772"}],"curies":[{"name":"wp","href":"https:\/\/api.w.org\/{rel}","templated":true}]}}