{"id":367774,"date":"2025-09-05T09:02:11","date_gmt":"2025-09-05T09:02:11","guid":{"rendered":"https:\/\/www.europesays.com\/fr\/367774\/"},"modified":"2025-09-05T09:02:11","modified_gmt":"2025-09-05T09:02:11","slug":"des-consignes-de-laxisme-aux-policiers-la-prefete-du-rhone-dement","status":"publish","type":"post","link":"https:\/\/www.europesays.com\/fr\/367774\/","title":{"rendered":"des consignes de laxisme aux policiers ? La pr\u00e9f\u00e8te du Rh\u00f4ne d\u00e9ment"},"content":{"rendered":"<p>                            <img loading=\"lazy\" width=\"1200\" height=\"750\" class=\"attachment-article size-article wp-post-image lazyload\" alt=\"Brigade de CRS \u00e0 Lyon @Hugo LAUBEPIN\" decoding=\"async\" src=\"https:\/\/www.europesays.com\/fr\/wp-content\/uploads\/2025\/09\/CRS-2-e1686127117499.jpg\"  data- data-eio-rwidth=\"1200\" data-eio-rheight=\"750\"\/><\/p>\n<p>Brigade de CRS \u00e0 Lyon<br \/>\n@Hugo LAUBEPIN<\/p>\n<p class=\"content\" style=\"font-size:1.2em;font-weight:700\">Fabienne Buccio, pr\u00e9f\u00e8te du Rh\u00f4ne, a d\u00e9menti une fausse information li\u00e9e aux consignes donn\u00e9es aux forces de l&rsquo;ordre dans le cadre des manifestations du 10 septembre. <\/p>\n<p>Dans un message publi\u00e9 sur le compte X, la pr\u00e9f\u00e8te du Rh\u00f4ne Fabienne Buccio \u00ab\u00a0d\u00e9ment formellement\u00a0\u00bb les affirmations du site identitaire Fronti\u00e8res. Ce dernier assure que des policiers de Lyon ont re\u00e7u pour consignes de ne pas intervenir en cas de pillage, au cours des manifestations du mercredi 10 septembre.<\/p>\n<p><strong>Lire aussi : <\/strong><a href=\"https:\/\/www.lyoncapitale.fr\/actualite\/a-quoi-s-attendre-dans-les-rues-a-lyon-la-semaine-prochaine\" target=\"_blank\" rel=\"noreferrer noopener nofollow\">Gr\u00e8ve TCL, \u00ab\u00a0Bloquons tout\u00a0\u00bb : \u00e0 quoi s&rsquo;attendre dans les rues \u00e0 Lyon la semaine prochaine ?<\/a><\/p>\n<p>\u00ab\u00a0La police nationale sera pleinement mobilis\u00e9e le 10 septembre pour prot\u00e9ger les personnes et les biens. Elle sera engag\u00e9e avec d\u00e9termination pour faire respecter la loi et pr\u00e9server l\u2019ordre public\u00a0\u00bb, poursuit la pr\u00e9f\u00e8te du Rh\u00f4ne.<\/p>\n<p>Et de conclure : \u00ab\u00a0Ce sont des mensonges \u00e9hont\u00e9s destin\u00e9s \u00e0 faire douter des institutions de la R\u00e9publique, les relayer c&rsquo;est y contribuer aussi\u00a0\u00bb. Contact\u00e9e par Lyon Capitale, la pr\u00e9fecture n&rsquo;\u00e9tait pour l&rsquo;heure pas en capacit\u00e9 de mesurer l&rsquo;ampleur du mouvement. Nul doute que d&rsquo;importants moyens de s\u00e9curit\u00e9 seront mis en place, puisque les mobilisations s&rsquo;annoncent massives.<\/p>\n<blockquote class=\"twitter-tweet\">\n<p lang=\"fr\" dir=\"ltr\">La Pr\u00e9f\u00e8te du Rh\u00f4ne d\u00e9ment formellement cette fausse information.<\/p>\n<p>La police nationale sera pleinement mobilis\u00e9e le 10 septembre pour prot\u00e9ger les personnes et les biens.<\/p>\n<p>Elle sera engag\u00e9e avec d\u00e9termination pour faire respecter la loi et pr\u00e9server l\u2019ordre public.<\/p>\n<p>\u00ab Ce sont des\u2026 <a href=\"https:\/\/t.co\/zWVXDEOF9o\" rel=\"nofollow\">pic.twitter.com\/zWVXDEOF9o<\/a><\/p>\n<p>\u2014 Pr\u00e9f\u00e8te de r\u00e9gion Auvergne-Rh\u00f4ne-Alpes et du Rh\u00f4ne (@prefetrhone) <a href=\"https:\/\/twitter.com\/prefetrhone\/status\/1963533540970185108?ref_src=twsrc%5Etfw\" rel=\"nofollow noopener\" target=\"_blank\">September 4, 2025<\/a><\/p><\/blockquote>\n<p>    <script async src=\"https:\/\/platform.twitter.com\/widgets.js\" charset=\"utf-8\"><\/script><\/p>\n","protected":false},"excerpt":{"rendered":"Brigade de CRS \u00e0 Lyon @Hugo LAUBEPIN Fabienne Buccio, pr\u00e9f\u00e8te du Rh\u00f4ne, a d\u00e9menti une fausse information li\u00e9e&hellip;\n","protected":false},"author":2,"featured_media":367775,"comment_status":"","ping_status":"","sticky":false,"template":"","format":"standard","meta":{"footnotes":""},"categories":[1889],"tags":[1111,11,2430,1777,674,1011,27,2428,12,25],"class_list":{"0":"post-367774","1":"post","2":"type-post","3":"status-publish","4":"format-standard","5":"has-post-thumbnail","7":"category-lyon","8":"tag-actu","9":"tag-actualites","10":"tag-auvergne-rhone-alpes","11":"tag-eu","12":"tag-europe","13":"tag-fr","14":"tag-france","15":"tag-lyon","16":"tag-news","17":"tag-republique-francaise"},"share_on_mastodon":{"url":"https:\/\/pubeurope.com\/@fr\/115150883565882284","error":""},"_links":{"self":[{"href":"https:\/\/www.europesays.com\/fr\/wp-json\/wp\/v2\/posts\/367774","targetHints":{"allow":["GET"]}}],"collection":[{"href":"https:\/\/www.europesays.com\/fr\/wp-json\/wp\/v2\/posts"}],"about":[{"href":"https:\/\/www.europesays.com\/fr\/wp-json\/wp\/v2\/types\/post"}],"author":[{"embeddable":true,"href":"https:\/\/www.europesays.com\/fr\/wp-json\/wp\/v2\/users\/2"}],"replies":[{"embeddable":true,"href":"https:\/\/www.europesays.com\/fr\/wp-json\/wp\/v2\/comments?post=367774"}],"version-history":[{"count":0,"href":"https:\/\/www.europesays.com\/fr\/wp-json\/wp\/v2\/posts\/367774\/revisions"}],"wp:featuredmedia":[{"embeddable":true,"href":"https:\/\/www.europesays.com\/fr\/wp-json\/wp\/v2\/media\/367775"}],"wp:attachment":[{"href":"https:\/\/www.europesays.com\/fr\/wp-json\/wp\/v2\/media?parent=367774"}],"wp:term":[{"taxonomy":"category","embeddable":true,"href":"https:\/\/www.europesays.com\/fr\/wp-json\/wp\/v2\/categories?post=367774"},{"taxonomy":"post_tag","embeddable":true,"href":"https:\/\/www.europesays.com\/fr\/wp-json\/wp\/v2\/tags?post=367774"}],"curies":[{"name":"wp","href":"https:\/\/api.w.org\/{rel}","templated":true}]}}