{"id":367783,"date":"2025-09-05T09:08:15","date_gmt":"2025-09-05T09:08:15","guid":{"rendered":"https:\/\/www.europesays.com\/fr\/367783\/"},"modified":"2025-09-05T09:08:15","modified_gmt":"2025-09-05T09:08:15","slug":"la-bourse-de-paris-optimiste-avant-lemploi-americain-05-09-2025-a-1059","status":"publish","type":"post","link":"https:\/\/www.europesays.com\/fr\/367783\/","title":{"rendered":"La Bourse de Paris optimiste avant l&#8217;emploi am\u00e9ricain &#8211; 05\/09\/2025 \u00e0 10:59"},"content":{"rendered":"<p>        <img fetchpriority=\"high\" decoding=\"async\" src=\"https:\/\/www.europesays.com\/fr\/wp-content\/uploads\/2025\/09\/0c2aeae29ccb42ac4ec0604ee3fe59ea-760x507.jpg\" alt=\"Des cours de la Bourse de Paris affich\u00e9s dans le b\u00e2timent d'Euronext \u00e0 La D\u00e9fense, le quartier d'affaires de Paris, le 10 mai 2024 ( AFP \/ DIMITAR DILKOFF )\" loading=\"eager\" width=\"760\" height=\"507\" style=\"max-width: 100%!important; height: auto;\"\/><\/p>\n<p class=\"c-image-news__legend\">Des cours de la Bourse de Paris affich\u00e9s dans le b\u00e2timent d&rsquo;Euronext \u00e0 La D\u00e9fense, le quartier d&rsquo;affaires de Paris, le 10 mai 2024 ( AFP \/ DIMITAR DILKOFF )<\/p>\n<p>\n La Bourse de Paris \u00e9voluait en petite hausse vendredi avant la publication des chiffres officiels de l&#8217;emploi am\u00e9ricain en ao\u00fbt, qui pourraient conforter les attentes de baisse de taux de la R\u00e9serve f\u00e9d\u00e9rale am\u00e9ricaine (Fed).\n<\/p>\n<p>\n Apr\u00e8s avoir h\u00e9sit\u00e9 \u00e0 l&rsquo;ouverture, la Bourse de Paris s&rsquo;inscrivait en hausse de 0,31% vers 10H15 heure locale, avan\u00e7ant de 23,54 points, \u00e0 7.722,46 points.\n<\/p>\n<p>\n Jeudi, le CAC 40 a c\u00e9d\u00e9 0,27%, terminant \u00e0 7.698,92 points.\n<\/p>\n<p>\n Les investisseurs attendent vendredi les chiffres mensuels officiels sur l&#8217;emploi aux Etats-Unis. Ils feront l&rsquo;objet d&rsquo;une attention particuli\u00e8re vendredi, le pr\u00e9c\u00e9dent rapport ayant \u00e9t\u00e9 jug\u00e9 \u00ab\u00a0bidonn\u00e9\u00a0\u00bb en sa d\u00e9faveur par le pr\u00e9sident Donald Trump qui a renvoy\u00e9 la directrice du service de statistiques.\n<\/p>\n<p>\n Il s&rsquo;agira en effet de \u00ab\u00a0la premi\u00e8re publication depuis que Trump a limog\u00e9\u00a0\u00bb Erika McEntarfer, la responsable du service \u00e0 l&rsquo;origine du rapport (BLS), rappelle Stephen Innes, g\u00e9rant de SPI AM. Et cette publication \u00ab\u00a0arrive avec l&rsquo;ombre de r\u00e9visions massives qui plane au-dessus\u00a0\u00bb d&rsquo;elle.\n<\/p>\n<p>\n A l&rsquo;approche de la r\u00e9union de politique mon\u00e9taire de la R\u00e9serve f\u00e9d\u00e9rale am\u00e9ricaine (Fed), le rapport officiel sur l&#8217;emploi am\u00e9ricain en ao\u00fbt appara\u00eet \u00ab\u00a0comme le juge de paix d&rsquo;un march\u00e9 partag\u00e9 entre optimisme et vigilance\u00a0\u00bb, estime John Plassard, responsable de la strat\u00e9gie d&rsquo;investissement chez Cit\u00e9 Gestion Private Bank.\n<\/p>\n<p>\n De nouvelles donn\u00e9es montrant un ralentissement du march\u00e9 du travail conforteraient le sc\u00e9nario d&rsquo;un assouplissement mon\u00e9taire de la Fed d\u00e8s septembre, apr\u00e8s que son pr\u00e9sident Jerome Powell a ouvert r\u00e9cemment la porte \u00e0 une baisse des taux r\u00e9clam\u00e9e de longue date par le pr\u00e9sident am\u00e9ricain Donald Trump.\n<\/p>\n<p>\n Au contraire, un march\u00e9 du travail solide r\u00e9duirait les marges de man\u0153uvre de l&rsquo;institution mon\u00e9taire, car cela voudrait dire que l&rsquo;\u00e9conomie am\u00e9ricaine est en bonne sant\u00e9 et n&rsquo;a pas besoin d&rsquo;une politique mon\u00e9taire plus accommodante.\n<\/p>\n<p> La dette fran\u00e7aise scrut\u00e9e<\/p>\n<p>\n Autre sujet d&rsquo;attention pour les investisseurs: la France est \u00e0 trois jours d&rsquo;un scrutin qui devrait provoquer la chute du gouvernement du Premier ministre Fran\u00e7ois Bayrou, ravivant les craintes d&rsquo;un retour de l&rsquo;instabilit\u00e9 politique dans le pays.\n<\/p>\n<p>\n Le taux de l&#8217;emprunt de la France \u00e0 10 ans, qui avait grimp\u00e9 en fl\u00e8che mardi, d\u00e9passant les 4,6%, s&rsquo;est nettement d\u00e9tendu, \u00e9voluant autour de 4,16% vers 10H15.\n<\/p>\n<p>\n \u00ab\u00a0N\u00e9anmoins, faute de r\u00e9solution \u00e0 l\u2019impasse politique en France et avec le risque d&rsquo;une chute du gouvernement Bayrou lundi, les investisseurs pourraient r\u00e9duire leur exposition au risque avant le week-end\u00a0\u00bb, met en garde Stephen Innes.\n<\/p>\n<p>\n La prochaine r\u00e9vision de la notation de la qualit\u00e9 du cr\u00e9dit de la France interviendra rapidement apr\u00e8s le vote de confiance, par l&rsquo;agence Fitch Ratings le 12 septembre puis plus tard par S&amp;P en novembre.\n<\/p>\n<p>\n <a href=\"https:\/\/www.boursorama.com\/cours\/1rPENX\/\" rel=\"nofollow noopener\" target=\"_blank\"><br \/>\n  Euronext<br \/>\n <\/a><br \/>\n CAC40<\/p>\n","protected":false},"excerpt":{"rendered":"Des cours de la Bourse de Paris affich\u00e9s dans le b\u00e2timent d&rsquo;Euronext \u00e0 La D\u00e9fense, le quartier d&rsquo;affaires&hellip;\n","protected":false},"author":2,"featured_media":289666,"comment_status":"","ping_status":"","sticky":false,"template":"","format":"standard","meta":{"footnotes":""},"categories":[1888],"tags":[400,11,398,408,405,1777,674,1011,27,403,402,399,404,12,626,25,401,406,407],"class_list":{"0":"post-367783","1":"post","2":"type-post","3":"status-publish","4":"format-standard","5":"has-post-thumbnail","7":"category-paris","8":"tag-action-cac-40","9":"tag-actualites","10":"tag-bourse-de-paris","11":"tag-boursorama","12":"tag-cotations","13":"tag-eu","14":"tag-europe","15":"tag-fr","16":"tag-france","17":"tag-indices-devises","18":"tag-investir","19":"tag-investissement","20":"tag-marche-boursier","21":"tag-news","22":"tag-paris","23":"tag-republique-francaise","24":"tag-sicav","25":"tag-trackers","26":"tag-warrants"},"share_on_mastodon":{"url":"https:\/\/pubeurope.com\/@fr\/115150907746998476","error":""},"_links":{"self":[{"href":"https:\/\/www.europesays.com\/fr\/wp-json\/wp\/v2\/posts\/367783","targetHints":{"allow":["GET"]}}],"collection":[{"href":"https:\/\/www.europesays.com\/fr\/wp-json\/wp\/v2\/posts"}],"about":[{"href":"https:\/\/www.europesays.com\/fr\/wp-json\/wp\/v2\/types\/post"}],"author":[{"embeddable":true,"href":"https:\/\/www.europesays.com\/fr\/wp-json\/wp\/v2\/users\/2"}],"replies":[{"embeddable":true,"href":"https:\/\/www.europesays.com\/fr\/wp-json\/wp\/v2\/comments?post=367783"}],"version-history":[{"count":0,"href":"https:\/\/www.europesays.com\/fr\/wp-json\/wp\/v2\/posts\/367783\/revisions"}],"wp:featuredmedia":[{"embeddable":true,"href":"https:\/\/www.europesays.com\/fr\/wp-json\/wp\/v2\/media\/289666"}],"wp:attachment":[{"href":"https:\/\/www.europesays.com\/fr\/wp-json\/wp\/v2\/media?parent=367783"}],"wp:term":[{"taxonomy":"category","embeddable":true,"href":"https:\/\/www.europesays.com\/fr\/wp-json\/wp\/v2\/categories?post=367783"},{"taxonomy":"post_tag","embeddable":true,"href":"https:\/\/www.europesays.com\/fr\/wp-json\/wp\/v2\/tags?post=367783"}],"curies":[{"name":"wp","href":"https:\/\/api.w.org\/{rel}","templated":true}]}}