{"id":367784,"date":"2025-09-05T09:09:11","date_gmt":"2025-09-05T09:09:11","guid":{"rendered":"https:\/\/www.europesays.com\/fr\/367784\/"},"modified":"2025-09-05T09:09:11","modified_gmt":"2025-09-05T09:09:11","slug":"donald-trump-veut-mettre-fin-aux-programmes-de-securite-europeens-axes-sur-la-menace-russe-lexpress","status":"publish","type":"post","link":"https:\/\/www.europesays.com\/fr\/367784\/","title":{"rendered":"Donald Trump veut mettre fin aux programmes de s\u00e9curit\u00e9 europ\u00e9ens ax\u00e9s sur la menace russe \u2013 L&rsquo;Express"},"content":{"rendered":"<p class=\"paragraph article-body-paragraph article__item   article-body-paragraph--first \">C\u2019est encore un coup dur pour l\u2019Europe, alors que les dirigeants europ\u00e9ens attendent toujours que le pr\u00e9sident am\u00e9ricain se positionne sur les <a href=\"https:\/\/www.lexpress.fr\/monde\/europe\/guerre-en-ukraine-ce-quil-faut-retenir-des-engagements-des-26-pays-de-la-coalition-des-volontaires-KYSWOJPNDFG23H6PS2FDSFCTYE\/\" target=\"_blank\" rel=\"noreferrer noopener\" title=\"https:\/\/www.lexpress.fr\/monde\/europe\/guerre-en-ukraine-ce-quil-faut-retenir-des-engagements-des-26-pays-de-la-coalition-des-volontaires-KYSWOJPNDFG23H6PS2FDSFCTYE\/\">garanties de s\u00e9curit\u00e9 en Ukraine<\/a>. Selon un article du <a href=\"https:\/\/www.washingtonpost.com\/national-security\/2025\/09\/04\/trump-europe-security-russia-ukraine\/\" target=\"_blank\" rel=\"noreferrer noopener\" title=\"https:\/\/www.washingtonpost.com\/national-security\/2025\/09\/04\/trump-europe-security-russia-ukraine\/\">Washington Post<\/a> publi\u00e9 jeudi, Donald Trump souhaite supprimer plusieurs de ses programmes d\u2019aide \u00e0 la s\u00e9curit\u00e9 en Europe, parmi lesquels l\u2019initiative visant \u00e0 fortifier le flanc oriental du continent contre une \u00e9ventuelle attaque russe, avec la fourniture de fonds pour les infrastructures et la formation militaires de l\u2019Estonie, la Lituanie et la Lettonie.<\/p>\n<p><strong class=\"article-body-link-list__item text-gray-800 article-body-link-list__item--one-item\">LIRE AUSSI : <a class=\"article-body-link-list__item-link\" href=\"https:\/\/www.lexpress.fr\/monde\/europe\/guerre-en-ukraine-les-europeens-peuvent-ils-se-defendre-sans-les-americains-EMTRRYOPAFGWTK24NK2T6RD5FE\/\" target=\"_blank\" rel=\"noreferrer noopener\">Guerre en Ukraine : les Europ\u00e9ens peuvent-ils se d\u00e9fendre sans les Am\u00e9ricains ?<\/a><\/strong><\/p>\n<p class=\"paragraph article-body-paragraph article__item   \">Dans un communiqu\u00e9, la Maison-Blanche a expliqu\u00e9 que cette d\u00e9cision, qui aurait un impact sur des centaines de millions de dollars d\u2019aide militaire dont d\u00e9pendent ces membres les plus vuln\u00e9rables de l\u2019<a href=\"https:\/\/www.lexpress.fr\/idees-et-debats\/mikhail-komin-si-un-conflit-russie-otan-devait-eclater-ce-serait-probablement-dans-larctique-NKSLUGXMVRDDVLH33N63TQNBQ4\/\" target=\"_blank\" rel=\"noreferrer noopener\" title=\"https:\/\/www.lexpress.fr\/idees-et-debats\/mikhail-komin-si-un-conflit-russie-otan-devait-eclater-ce-serait-probablement-dans-larctique-NKSLUGXMVRDDVLH33N63TQNBQ4\/\">Otan<\/a>, \u00e9tait \u00ab\u00a0coordonn\u00e9e\u00a0\u00bb avec les Europ\u00e9ens et conforme au d\u00e9cret pr\u00e9sidentiel de Donald Trump publi\u00e9 plus t\u00f4t cette ann\u00e9e, visant \u00e0 r\u00e9\u00e9valuer l\u2019aide \u00e9trang\u00e8re am\u00e9ricaine, ainsi qu\u2019\u00e0 sa \u00ab\u00a0volont\u00e9 constante de garantir une plus grande responsabilit\u00e9 de l\u2019Europe en mati\u00e8re de d\u00e9fense\u00a0\u00bb. \u00ab\u00a0Nous sommes satisfaits que les alli\u00e9s europ\u00e9ens prennent davantage d\u2019initiatives <a href=\"https:\/\/www.lexpress.fr\/monde\/a-ce-stade-on-ne-peut-pas-faire-face-larsenal-militaire-russe-cette-inquietante-menace-pour-leurope-TW25U6H77ZGGNM26VDEBGBJJ5I\/\" target=\"_self\" rel=\"noopener\" title=\"https:\/\/www.lexpress.fr\/monde\/a-ce-stade-on-ne-peut-pas-faire-face-larsenal-militaire-russe-cette-inquietante-menace-pour-leurope-TW25U6H77ZGGNM26VDEBGBJJ5I\/\">en mati\u00e8re de d\u00e9fense<\/a>\u00ab\u00a0, poursuit le texte, suscitant le d\u00e9sarroi chez certains de ses conseillers.<\/p>\n<p>Des signaux contradictoires<\/p>\n<p class=\"paragraph article-body-paragraph article__item   \">Au Congr\u00e8s domin\u00e9 par les r\u00e9publicains, o\u00f9 le soutien bipartisan \u00e0 l\u2019OTAN et \u00e0 l\u2019<a href=\"https:\/\/www.lexpress.fr\/monde\/europe\/l-ukraine-hesite-entre-est-et-ouest_1302698.html\" target=\"_blank\" rel=\"noreferrer noopener\" title=\"https:\/\/www.lexpress.fr\/monde\/europe\/l-ukraine-hesite-entre-est-et-ouest_1302698.html\">Ukraine <\/a>reste fort, plusieurs d\u2019entre eux ont en effet exprim\u00e9 leur confusion quant au plan de l\u2019administration. Il faut dire que le ton employ\u00e9 par le Pentagone sous Donald Trump varie d\u2019un jour \u00e0 l\u2019autre : si en juillet, le secr\u00e9taire \u00e0 la D\u00e9fense, Pete Hegseth, s\u2019est montr\u00e9 chaleureux avec les dirigeants des trois pays baltes limitrophes de la Russie \u2013 l\u2019Estonie, la Lettonie et la Lituanie \u2013 dont il a salu\u00e9 les efforts dans la hausse de leurs d\u00e9penses militaires, le bureau des politiques du minist\u00e8re de la D\u00e9fense s\u2019est montr\u00e9 bien plus agressif en coulisses pour mettre radicalement fin \u00e0 certains programmes de soutien, r\u00e9v\u00e8le le journal am\u00e9ricain.<\/p>\n<p><strong class=\"article-body-link-list__item text-gray-800 article-body-link-list__item--one-item\">LIRE AUSSI : <a class=\"article-body-link-list__item-link\" href=\"https:\/\/www.lexpress.fr\/idees-et-debats\/andrei-soldatov-il-est-fou-de-penser-que-poutine-pourrait-accorder-un-rendez-vous-a-zelensky-XVVOJRMH7NEPHHKRBKMGZGZV2E\/\" target=\"_blank\" rel=\"noreferrer noopener\">Mikhail Komin : \u00ab\u00a0Si un conflit Russie-Otan devait \u00e9clater, ce serait probablement dans l\u2019Arctique\u00a0\u00bb<\/a><\/strong><\/p>\n<p class=\"paragraph article-body-paragraph article__item   \">D\u2019apr\u00e8s ses informations toujours, un conseiller du S\u00e9nat a indiqu\u00e9 que le minist\u00e8re de la D\u00e9fense n\u2019avait pas inform\u00e9 les l\u00e9gislateurs de la r\u00e9duction des aides, malgr\u00e9 les demandes en ce sens. David Baker, responsable de la politique europ\u00e9enne et de l\u2019Otan au Pentagone, a quant \u00e0 lui abord\u00e9 cette d\u00e9cision avec un groupe de responsables europ\u00e9ens de la d\u00e9fense seulement en fin de semaine derni\u00e8re, attribuant ce changement \u00e0 l\u2019\u00e9volution des priorit\u00e9s au sein de l\u2019administration. D\u2019apr\u00e8s lui, l\u2019attention des Etats-Unis serait d\u00e9sormais tourn\u00e9e vers la s\u00e9curit\u00e9 des fronti\u00e8res et la d\u00e9fense de son territoire, alors que <a href=\"https:\/\/www.lexpress.fr\/monde\/asie\/missiles-drones-lasers-derriere-la-parade-militaire-de-la-chine-un-avertissement-aux-etats-unis-RKRLXNSPDJCSDGCONSKJXDR6NM\/\" target=\"_self\" rel=\"noopener\" title=\"https:\/\/www.lexpress.fr\/monde\/asie\/missiles-drones-lasers-derriere-la-parade-militaire-de-la-chine-un-avertissement-aux-etats-unis-RKRLXNSPDJCSDGCONSKJXDR6NM\/\">P\u00e9kin m\u00e8ne un renforcement rapide de sa d\u00e9fense<\/a>.<\/p>\n<p class=\"paragraph article-body-paragraph article__item   \">\u00ab\u00a0Les Russes ne se soucient r\u00e9ellement que des dollars am\u00e9ricains, des troupes am\u00e9ricaines et du drapeau am\u00e9ricain\u00a0\u00bb, a alors d\u00e9clar\u00e9 un responsable europ\u00e9en aupr\u00e8s du Washington Post, inquiet du signal qu\u2019une r\u00e9duction de l\u2019aide am\u00e9ricaine enverrait \u00e0 Moscou. Les pays baltes, eux, n\u2019ont pas encore r\u00e9agi \u00e0 cette annonce, mais lors de leur r\u00e9union avec Pete Hegseth en juillet dernier, ces derniers avaient insist\u00e9 sur l\u2019importance d\u2019avoir une pr\u00e9sence militaire am\u00e9ricaine permanente sur leur territoire.<\/p>\n<p class=\"paragraph article-body-paragraph article__item    article__text__endpicto\">Dans une interview donn\u00e9e \u00e0 Politico, le pr\u00e9sident estonien Alar Karis a d\u00e9clar\u00e9 que des pays comme l\u2019Estonie \u00ab\u00a0doivent \u00eatre pr\u00eats \u00e0 faire face \u00e0 tous les sc\u00e9narios\u00a0\u00bb. S\u2019il affirme avoir \u00e9t\u00e9 rassur\u00e9 par la promesse de Donald Trump de <a href=\"https:\/\/www.lexpress.fr\/monde\/europe\/donald-trump-pret-a-deployer-plus-de-militaires-americains-en-pologne-TZNGVILSGZFG7AM2LG4KVA6GEM\/\" target=\"_self\" rel=\"noopener\" title=\"https:\/\/www.lexpress.fr\/monde\/europe\/donald-trump-pret-a-deployer-plus-de-militaires-americains-en-pologne-TZNGVILSGZFG7AM2LG4KVA6GEM\/\">maintenir les troupes am\u00e9ricaines en Pologne<\/a>, le dirigeant estonien a soulign\u00e9 qu\u2019il \u00e9tait encore \u00ab\u00a0tr\u00e8s difficile de pr\u00e9dire\u00a0\u00bb ce que Washington ferait dans les pays baltes. Les \u00c9tats-Unis ont actuellement quelque 2 000 soldats stationn\u00e9s dans les Etats baltes dans le cadre d\u2019un renforcement militaire \u00e0 la suite de l\u2019invasion \u00e0 grande \u00e9chelle de l\u2019Ukraine par la Russie en f\u00e9vrier 2022. Le Pentagone revoie actuellement le d\u00e9ploiement de ses forces \u00e0 l&rsquo;\u00e9chelle mondiale, sous la direction du sous-secr\u00e9taire \u00e0 la D\u00e9fense charg\u00e9 de la politique, Elbridge Colby, fervent partisan d&rsquo;une r\u00e9duction de la pr\u00e9sence am\u00e9ricaine en Europe. Les r\u00e9sultats devraient \u00eatre d\u00e9voil\u00e9s \u00e0 la fin du mois.<\/p>\n","protected":false},"excerpt":{"rendered":"C\u2019est encore un coup dur pour l\u2019Europe, alors que les dirigeants europ\u00e9ens attendent toujours que le pr\u00e9sident am\u00e9ricain&hellip;\n","protected":false},"author":2,"featured_media":367785,"comment_status":"","ping_status":"","sticky":false,"template":"","format":"standard","meta":{"footnotes":""},"categories":[1591],"tags":[11,782,1887,74,12,1885,1886,132],"class_list":{"0":"post-367784","1":"post","2":"type-post","3":"status-publish","4":"format-standard","5":"has-post-thumbnail","7":"category-russie","8":"tag-actualites","9":"tag-ameriques","10":"tag-federation-de-russie","11":"tag-monde","12":"tag-news","13":"tag-russia","14":"tag-russian-federation","15":"tag-russie"},"share_on_mastodon":{"url":"https:\/\/pubeurope.com\/@fr\/115150911133345073","error":""},"_links":{"self":[{"href":"https:\/\/www.europesays.com\/fr\/wp-json\/wp\/v2\/posts\/367784","targetHints":{"allow":["GET"]}}],"collection":[{"href":"https:\/\/www.europesays.com\/fr\/wp-json\/wp\/v2\/posts"}],"about":[{"href":"https:\/\/www.europesays.com\/fr\/wp-json\/wp\/v2\/types\/post"}],"author":[{"embeddable":true,"href":"https:\/\/www.europesays.com\/fr\/wp-json\/wp\/v2\/users\/2"}],"replies":[{"embeddable":true,"href":"https:\/\/www.europesays.com\/fr\/wp-json\/wp\/v2\/comments?post=367784"}],"version-history":[{"count":0,"href":"https:\/\/www.europesays.com\/fr\/wp-json\/wp\/v2\/posts\/367784\/revisions"}],"wp:featuredmedia":[{"embeddable":true,"href":"https:\/\/www.europesays.com\/fr\/wp-json\/wp\/v2\/media\/367785"}],"wp:attachment":[{"href":"https:\/\/www.europesays.com\/fr\/wp-json\/wp\/v2\/media?parent=367784"}],"wp:term":[{"taxonomy":"category","embeddable":true,"href":"https:\/\/www.europesays.com\/fr\/wp-json\/wp\/v2\/categories?post=367784"},{"taxonomy":"post_tag","embeddable":true,"href":"https:\/\/www.europesays.com\/fr\/wp-json\/wp\/v2\/tags?post=367784"}],"curies":[{"name":"wp","href":"https:\/\/api.w.org\/{rel}","templated":true}]}}