{"id":367786,"date":"2025-09-05T09:10:15","date_gmt":"2025-09-05T09:10:15","guid":{"rendered":"https:\/\/www.europesays.com\/fr\/367786\/"},"modified":"2025-09-05T09:10:15","modified_gmt":"2025-09-05T09:10:15","slug":"lukraine-et-les-garanties-de-securite-les-lr-se-dechirent-sur-lapres-bayrou-les-informes-du-matin-du-vendredi-05-septembre-2025","status":"publish","type":"post","link":"https:\/\/www.europesays.com\/fr\/367786\/","title":{"rendered":"L&rsquo;Ukraine et les garanties de s\u00e9curit\u00e9, les LR se d\u00e9chirent sur l&rsquo;apr\u00e8s-Bayrou &#8230;Les inform\u00e9s du matin du vendredi 05 septembre 2025"},"content":{"rendered":"<p class=\"PopSlotParagraph qg-tx2 qg-xtra-lh svelte-1r0pyek\"><strong>Ukraine: l&rsquo;Europe peut-elle convaincre Donald Trump ?<\/strong> Vingt-six pays, essentiellement europ\u00e9ens, se sont engag\u00e9s jeudi \u00e0 Paris \u00e0 soutenir militairement l&rsquo;Ukraine au sol, en mer ou dans les airs dans le cadre d&rsquo;un futur cessez-le-feu, le <a href=\"https:\/\/www.franceinfo.fr\/monde\/europe\/manifestations-en-ukraine\/guerre-en-ukraine-vladimir-poutine-affirme-que-n-importe-quelle-force-militaire-occidentale-sera-une-cible-legitime-pour-l-armee-russe_7474501.html\" target=\"_blank\" rel=\"noopener nofollow\" class=\"\" data-testid=\"link\">Kremlin<\/a> rejetant vendredi cat\u00e9goriquement toute garantie militaire occidentale \u00e0 l&rsquo;Ukraine.<\/p>\n<p class=\"PopSlotParagraph qg-tx2 qg-xtra-lh svelte-1r0pyek\"><strong>L&rsquo;apr\u00e8s-Bayrou d\u00e9chire les LR : la droite sans boussole ?<\/strong> A quatre jours du vote de confiance et de la probable chute du gouvernement, Laurent Wauquiez, pr\u00e9sident du groupe Droite R\u00e9publicaine \u00e0 l&rsquo;Assembl\u00e9e, a indiqu\u00e9 jeudi qu\u2019il ne censurerait pas a priori un gouvernement socialiste ou RN. Il a \u00e9t\u00e9 <a href=\"https:\/\/www.franceinfo.fr\/politique\/les-republicains\/laurent-wauquiez\/vote-de-confiance-nouvelle-passe-d-armes-entre-laurent-wauquiez-et-bruno-retailleau-la-vision-des-republicains-se-brouille_7473238.html\" target=\"_blank\" rel=\"noopener nofollow\" class=\"\" data-testid=\"link\">recadr\u00e9 par Bruno Retailleau<\/a>. Dans le m\u00eame temps, certaines voix \u00e0 droite s&rsquo;\u00e9l\u00e8vent r\u00e9cemment pour une dissolution, comme Nicolas Sarkozy. Alors o\u00f9 va la droite ?<\/p>\n<p class=\"PopSlotParagraph qg-tx2 qg-xtra-lh svelte-1r0pyek\"><strong>Nicolas Teillard<\/strong>, journaliste \u00e0 la r\u00e9daction internationale de Radio France<\/p>\n<p class=\"PopSlotParagraph qg-tx2 qg-xtra-lh svelte-1r0pyek\"><strong>Fran\u00e7ois-Xavier Bourmaud<\/strong>, journaliste politique \u00e0 L\u2019Opinion,<\/p>\n<p class=\"PopSlotParagraph qg-tx2 qg-xtra-lh svelte-1r0pyek\"><strong>Audrey Tison<\/strong>, journaliste politique \u00e0 franceinfo<\/p>\n","protected":false},"excerpt":{"rendered":"Ukraine: l&rsquo;Europe peut-elle convaincre Donald Trump ? Vingt-six pays, essentiellement europ\u00e9ens, se sont engag\u00e9s jeudi \u00e0 Paris \u00e0&hellip;\n","protected":false},"author":2,"featured_media":367787,"comment_status":"","ping_status":"","sticky":false,"template":"","format":"standard","meta":{"footnotes":""},"categories":[1590],"tags":[11,1777,674,12,220],"class_list":{"0":"post-367786","1":"post","2":"type-post","3":"status-publish","4":"format-standard","5":"has-post-thumbnail","7":"category-ukraine","8":"tag-actualites","9":"tag-eu","10":"tag-europe","11":"tag-news","12":"tag-ukraine"},"share_on_mastodon":{"url":"https:\/\/pubeurope.com\/@fr\/115150915101067345","error":""},"_links":{"self":[{"href":"https:\/\/www.europesays.com\/fr\/wp-json\/wp\/v2\/posts\/367786","targetHints":{"allow":["GET"]}}],"collection":[{"href":"https:\/\/www.europesays.com\/fr\/wp-json\/wp\/v2\/posts"}],"about":[{"href":"https:\/\/www.europesays.com\/fr\/wp-json\/wp\/v2\/types\/post"}],"author":[{"embeddable":true,"href":"https:\/\/www.europesays.com\/fr\/wp-json\/wp\/v2\/users\/2"}],"replies":[{"embeddable":true,"href":"https:\/\/www.europesays.com\/fr\/wp-json\/wp\/v2\/comments?post=367786"}],"version-history":[{"count":0,"href":"https:\/\/www.europesays.com\/fr\/wp-json\/wp\/v2\/posts\/367786\/revisions"}],"wp:featuredmedia":[{"embeddable":true,"href":"https:\/\/www.europesays.com\/fr\/wp-json\/wp\/v2\/media\/367787"}],"wp:attachment":[{"href":"https:\/\/www.europesays.com\/fr\/wp-json\/wp\/v2\/media?parent=367786"}],"wp:term":[{"taxonomy":"category","embeddable":true,"href":"https:\/\/www.europesays.com\/fr\/wp-json\/wp\/v2\/categories?post=367786"},{"taxonomy":"post_tag","embeddable":true,"href":"https:\/\/www.europesays.com\/fr\/wp-json\/wp\/v2\/tags?post=367786"}],"curies":[{"name":"wp","href":"https:\/\/api.w.org\/{rel}","templated":true}]}}