{"id":367788,"date":"2025-09-05T09:11:23","date_gmt":"2025-09-05T09:11:23","guid":{"rendered":"https:\/\/www.europesays.com\/fr\/367788\/"},"modified":"2025-09-05T09:11:23","modified_gmt":"2025-09-05T09:11:23","slug":"bourse-le-cac-40-hesite-les-chiffres-de-lemploi-aux-etats-unis-seront-le-juge-de-paix","status":"publish","type":"post","link":"https:\/\/www.europesays.com\/fr\/367788\/","title":{"rendered":"Bourse : le CAC 40 h\u00e9site, les chiffres de l\u2019emploi aux Etats-Unis seront \u00able juge de paix\u00bb"},"content":{"rendered":"<p>La Bourse de Paris \u00e9voluait en petite hausse ce vendredi 5 septembre avant la publication des<a href=\"https:\/\/www.capital.fr\/entreprises-marches\/bourse-le-cac-40-prudent-face-aux-tensions-politiques-et-aux-donnees-sur-l-emploi-americain-1517888\" rel=\"nofollow noopener\" target=\"_blank\"> chiffres officiels de l&#8217;emploi am\u00e9ricain en ao\u00fbt<\/a>, qui pourraient conforter les attentes de baisse de taux de la R\u00e9serve f\u00e9d\u00e9rale am\u00e9ricaine (Fed). Apr\u00e8s avoir h\u00e9sit\u00e9 \u00e0 l&rsquo;ouverture, la Bourse de Paris s&rsquo;inscrivait en hausse de 0,31% vers 10h15 heure locale, avan\u00e7ant de 23,54 points, \u00e0 7 722,46 points. Jeudi, le <a href=\"https:\/\/www.capital.fr\/entreprises-marches\/cac-40-1378868\" rel=\"nofollow noopener\" target=\"_blank\">CAC 40<\/a> a c\u00e9d\u00e9 0,27%, terminant \u00e0 7 698,92 points.<\/p>\n<p>Les investisseurs attendent ce vendredi les chiffres mensuels officiels sur l&#8217;emploi aux Etats-Unis. Ils feront l&rsquo;objet d&rsquo;une attention particuli\u00e8re, le pr\u00e9c\u00e9dent rapport ayant \u00e9t\u00e9 jug\u00e9 \u00abbidonn\u00e9\u00bb en sa d\u00e9faveur par le pr\u00e9sident Donald Trump qui a renvoy\u00e9 la directrice du service de statistiques. Il s&rsquo;agira en effet de \u00abla premi\u00e8re publication depuis que Trump a limog\u00e9\u00bb Erika McEntarfer, la responsable du service \u00e0 l&rsquo;origine du rapport (BLS), rappelle Stephen Innes, g\u00e9rant de SPI AM. Et cette publication \u00abarrive avec l&rsquo;ombre de r\u00e9visions massives qui planent au-dessus\u00bb d&rsquo;elle.<\/p>\n<p>La Bourse \u00abentre optimisme et vigilance\u00bb<\/p>\n<p>A l&rsquo;approche de la r\u00e9union de politique mon\u00e9taire de la R\u00e9serve f\u00e9d\u00e9rale am\u00e9ricaine (Fed), le rapport officiel sur l&#8217;emploi am\u00e9ricain en ao\u00fbt appara\u00eet \u00ab<strong>comme le juge de paix<\/strong> d&rsquo;un march\u00e9 partag\u00e9 entre optimisme et vigilance\u00bb, estime John Plassard, responsable de la strat\u00e9gie d&rsquo;investissement chez Cit\u00e9 Gestion Private Bank. De nouvelles donn\u00e9es montrant un ralentissement du march\u00e9 du travail conforteraient le sc\u00e9nario d&rsquo;un <a href=\"https:\/\/www.capital.fr\/economie-politique\/trump-menace-de-poursuivre-le-patron-de-la-fed-les-marches-sinquietent-1517149\" rel=\"nofollow noopener\" target=\"_blank\">assouplissement mon\u00e9taire de la Fed<\/a> d\u00e8s septembre, apr\u00e8s que son pr\u00e9sident Jerome Powell a ouvert r\u00e9cemment la porte \u00e0 une baisse des taux r\u00e9clam\u00e9e de longue date par le pr\u00e9sident am\u00e9ricain Donald Trump.<\/p>\n<p>Au contraire, un march\u00e9 du travail solide r\u00e9duirait les marges de man\u0153uvre de l&rsquo;institution mon\u00e9taire, car cela voudrait dire que l&rsquo;\u00e9conomie am\u00e9ricaine est en bonne sant\u00e9 et n&rsquo;a pas besoin d&rsquo;une politique mon\u00e9taire plus accommodante. \u00abLes probabilit\u00e9s pour une baisse de taux le 17 septembre (date de la prochaine r\u00e9union de politique mon\u00e9taire de la Fed, NDLR), et avant le rapport sur l&#8217;emploi, sont de 99 %\u00bb, selon l&rsquo;outil CME FedWatch, souligne Alexandre Baradez, responsable de l&rsquo;analyse march\u00e9s chez IG France. \u00abEt les probabilit\u00e9s pour une autre baisse de taux en octobre sont de 55% pour l&rsquo;instant.<\/p>\n<p>La dette fran\u00e7aise scrut\u00e9e de tr\u00e8s pr\u00e8s par la Bourse<\/p>\n<p>Autre sujet d&rsquo;attention pour les investisseurs : la France est \u00e0 trois jours d&rsquo;un examen qui devrait provoquer la <strong>chute du gouvernement du Premier ministre Fran\u00e7ois Bayrou<\/strong>, ravivant les craintes d&rsquo;un retour de l&rsquo;instabilit\u00e9 politique dans le pays. \u00abN\u00e9anmoins, faute de r\u00e9solution \u00e0 l&rsquo;impasse politique en France et avec le risque d&rsquo;une chute du gouvernement Bayrou lundi, les investisseurs pourraient r\u00e9duire leur exposition au risque avant le week-end\u00bb, a rencontr\u00e9 en garde Stephen Innes. La prochaine r\u00e9vision de la notation de la qualit\u00e9 du cr\u00e9dit de la France interviendra rapidement apr\u00e8s le vote de confiance, par l&rsquo;agence Fitch Ratings le 12 septembre puis plus tard par S&amp;P en novembre.<\/p>\n<p>STMicroelectronics d\u00e9colle en Bourse<\/p>\n<p>Vers 10h15, STMicroelectronics prenait 4,46% \u00e0 22,95 euros, BNP Paribas Exane ayant relev\u00e9 sa recommandation de \u00abneutre\u00bb \u00e0 \u00absurperformance\u00bb d&rsquo;apr\u00e8s la presse financi\u00e8re.<\/p>\n","protected":false},"excerpt":{"rendered":"La Bourse de Paris \u00e9voluait en petite hausse ce vendredi 5 septembre avant la publication des chiffres officiels&hellip;\n","protected":false},"author":2,"featured_media":367789,"comment_status":"","ping_status":"","sticky":false,"template":"","format":"standard","meta":{"footnotes":""},"categories":[1589],"tags":[11,73,1866,12,1864,1865,1863,308],"class_list":{"0":"post-367788","1":"post","2":"type-post","3":"status-publish","4":"format-standard","5":"has-post-thumbnail","7":"category-etats-unis","8":"tag-actualites","9":"tag-etats-unis","10":"tag-etats-unis-damerique","11":"tag-news","12":"tag-united-states","13":"tag-united-states-of-america","14":"tag-us","15":"tag-usa"},"share_on_mastodon":{"url":"https:\/\/pubeurope.com\/@fr\/115150918976806561","error":""},"_links":{"self":[{"href":"https:\/\/www.europesays.com\/fr\/wp-json\/wp\/v2\/posts\/367788","targetHints":{"allow":["GET"]}}],"collection":[{"href":"https:\/\/www.europesays.com\/fr\/wp-json\/wp\/v2\/posts"}],"about":[{"href":"https:\/\/www.europesays.com\/fr\/wp-json\/wp\/v2\/types\/post"}],"author":[{"embeddable":true,"href":"https:\/\/www.europesays.com\/fr\/wp-json\/wp\/v2\/users\/2"}],"replies":[{"embeddable":true,"href":"https:\/\/www.europesays.com\/fr\/wp-json\/wp\/v2\/comments?post=367788"}],"version-history":[{"count":0,"href":"https:\/\/www.europesays.com\/fr\/wp-json\/wp\/v2\/posts\/367788\/revisions"}],"wp:featuredmedia":[{"embeddable":true,"href":"https:\/\/www.europesays.com\/fr\/wp-json\/wp\/v2\/media\/367789"}],"wp:attachment":[{"href":"https:\/\/www.europesays.com\/fr\/wp-json\/wp\/v2\/media?parent=367788"}],"wp:term":[{"taxonomy":"category","embeddable":true,"href":"https:\/\/www.europesays.com\/fr\/wp-json\/wp\/v2\/categories?post=367788"},{"taxonomy":"post_tag","embeddable":true,"href":"https:\/\/www.europesays.com\/fr\/wp-json\/wp\/v2\/tags?post=367788"}],"curies":[{"name":"wp","href":"https:\/\/api.w.org\/{rel}","templated":true}]}}