{"id":367790,"date":"2025-09-05T09:12:12","date_gmt":"2025-09-05T09:12:12","guid":{"rendered":"https:\/\/www.europesays.com\/fr\/367790\/"},"modified":"2025-09-05T09:12:12","modified_gmt":"2025-09-05T09:12:12","slug":"le-tourisme-international-flirte-avec-le-niveau-pre-covid","status":"publish","type":"post","link":"https:\/\/www.europesays.com\/fr\/367790\/","title":{"rendered":"le tourisme international flirte avec le niveau pr\u00e9-Covid"},"content":{"rendered":"<p>\t\t\t\t\t Selon les derni\u00e8res estimations issues de l<b>\u2019International Passenger Survey<\/b> (IPS) publi\u00e9es le 26 ao\u00fbt 2025 par l\u2019<b>Office for National Statistics<\/b> (ONS) et retrait\u00e9es par <a class=\"liens\" href=\"https:\/\/www.visitbritain.org\/contact-us\" target=\"_blank\" rel=\"noopener\">VisitBritain,<\/a> le Royaume-Uni a accueilli <b>42,6 millions de visiteurs internationaux en 2024<\/b>, g\u00e9n\u00e9rant <b>32,5 milliards de livres sterling de recettes<\/b> et 293 millions de nuit\u00e9es. <\/p>\n<p>Des chiffres en l\u00e9g\u00e8re hausse par rapport \u00e0 <b>2023<\/b> (+6 % de fr\u00e9quentation) et proches de ceux de 2019 (-1 %), malgr\u00e9 un contexte encore marqu\u00e9 par des ajustements m\u00e9thodologiques de l\u2019ONS.&#13;\t\t\t\t\t <\/p>\n<p>Le podium des march\u00e9s \u00e9metteurs est occup\u00e9 par les <b>\u00c9tats-Unis, la France et l\u2019Allemagne<\/b>. Les \u00c9tats-Unis se distinguent aussi comme premier march\u00e9 en valeur, avec un montant record de 7,26 milliards de livres d\u00e9pens\u00e9s, suivis par les pays du Golfe (GCC), l\u2019Allemagne, la France et l\u2019Australie.&#13;\t\t\t\t\t <\/p>\n<p>Certains march\u00e9s lointains enregistrent des performances spectaculaires, la <b>Nouvelle-Z\u00e9lande et l\u2019Arabie saoudite<\/b> affichent toutes deux une hausse de <b>56 % des arriv\u00e9es par rapport \u00e0 2019<\/b>. &#13;\t\t\t\t\t <\/p>\n<p>En revanche, la reprise reste timide depuis l\u2019Asie du Nord-Est, <b>la Chine<\/b>, malgr\u00e9 une progression de 26 % par rapport \u00e0 2023, reste encore <b>48 % en dessous<\/b> de ses niveaux pr\u00e9-pand\u00e9miques.\n\t\t\t\t <\/p>\n","protected":false},"excerpt":{"rendered":"Selon les derni\u00e8res estimations issues de l\u2019International Passenger Survey (IPS) publi\u00e9es le 26 ao\u00fbt 2025 par l\u2019Office for&hellip;\n","protected":false},"author":2,"featured_media":367791,"comment_status":"","ping_status":"","sticky":false,"template":"","format":"standard","meta":{"footnotes":""},"categories":[1588],"tags":[11,1777,674,13461,12,473,1853,1851,1850,1852],"class_list":{"0":"post-367790","1":"post","2":"type-post","3":"status-publish","4":"format-standard","5":"has-post-thumbnail","7":"category-royaume-uni","8":"tag-actualites","9":"tag-eu","10":"tag-europe","11":"tag-frequentation","12":"tag-news","13":"tag-royaume-uni","14":"tag-royaume-uni-de-grande-bretagne-et-dirlande-du-nord","15":"tag-uk","16":"tag-united-kingdom","17":"tag-united-kingdom-of-great-britain-and-northern-ireland"},"share_on_mastodon":{"url":"https:\/\/pubeurope.com\/@fr\/115150922872418128","error":""},"_links":{"self":[{"href":"https:\/\/www.europesays.com\/fr\/wp-json\/wp\/v2\/posts\/367790","targetHints":{"allow":["GET"]}}],"collection":[{"href":"https:\/\/www.europesays.com\/fr\/wp-json\/wp\/v2\/posts"}],"about":[{"href":"https:\/\/www.europesays.com\/fr\/wp-json\/wp\/v2\/types\/post"}],"author":[{"embeddable":true,"href":"https:\/\/www.europesays.com\/fr\/wp-json\/wp\/v2\/users\/2"}],"replies":[{"embeddable":true,"href":"https:\/\/www.europesays.com\/fr\/wp-json\/wp\/v2\/comments?post=367790"}],"version-history":[{"count":0,"href":"https:\/\/www.europesays.com\/fr\/wp-json\/wp\/v2\/posts\/367790\/revisions"}],"wp:featuredmedia":[{"embeddable":true,"href":"https:\/\/www.europesays.com\/fr\/wp-json\/wp\/v2\/media\/367791"}],"wp:attachment":[{"href":"https:\/\/www.europesays.com\/fr\/wp-json\/wp\/v2\/media?parent=367790"}],"wp:term":[{"taxonomy":"category","embeddable":true,"href":"https:\/\/www.europesays.com\/fr\/wp-json\/wp\/v2\/categories?post=367790"},{"taxonomy":"post_tag","embeddable":true,"href":"https:\/\/www.europesays.com\/fr\/wp-json\/wp\/v2\/tags?post=367790"}],"curies":[{"name":"wp","href":"https:\/\/api.w.org\/{rel}","templated":true}]}}