{"id":367792,"date":"2025-09-05T09:13:10","date_gmt":"2025-09-05T09:13:10","guid":{"rendered":"https:\/\/www.europesays.com\/fr\/367792\/"},"modified":"2025-09-05T09:13:10","modified_gmt":"2025-09-05T09:13:10","slug":"allemagne-chute-des-commandes-industrielles-les-espoirs-de-reprise-douches","status":"publish","type":"post","link":"https:\/\/www.europesays.com\/fr\/367792\/","title":{"rendered":"Allemagne: chute des commandes industrielles, les espoirs de reprise douch\u00e9s"},"content":{"rendered":"<p class=\"ap-StoryElement ap-StoryElement--mb js-paywall-target ap-StoryText\">Destatis a par ailleurs corrig\u00e9 les chiffres de juin &#8211; baisse de 0,2% au lieu de &#8211; 1% initialement &#8211; en raison de donn\u00e9es tardives communiqu\u00e9es par un constructeur automobile.<\/p>\n<p class=\"ap-StoryElement ap-StoryElement--mb ap-StoryText\">Il s&rsquo;agit du troisi\u00e8me mois cons\u00e9cutif de baisse, une s\u00e9quence qui t\u00e9moigne encore un peu plus de la morosit\u00e9 \u00e9conomique du pays qui sort de deux ann\u00e9es de r\u00e9cession.<\/p>\n<p class=\"ap-StoryElement ap-StoryElement--mb ap-StoryText\">Apr\u00e8s un printemps qui avait laiss\u00e9 esp\u00e9rer une embellie, \u00e0 la faveur d&rsquo;un changement de gouvernement, c&rsquo;est le \u00ab\u00a0retour en arri\u00e8re\u00a0\u00bb, rel\u00e8ve Jens-Oliver Niklasch, \u00e9conomiste de la banque LBBW.<\/p>\n<p class=\"ap-StoryElement ap-StoryElement--mb ap-StoryText\">L&rsquo;effet de la politique douani\u00e8re am\u00e9ricaine n&rsquo;explique pas tout, selon lui, car les commandes en provenance de la zone euro ont \u00e9galement nettement recul\u00e9.<\/p>\n","protected":false},"excerpt":{"rendered":"Destatis a par ailleurs corrig\u00e9 les chiffres de juin &#8211; baisse de 0,2% au lieu de &#8211; 1%&hellip;\n","protected":false},"author":2,"featured_media":2837,"comment_status":"","ping_status":"","sticky":false,"template":"","format":"standard","meta":{"footnotes":""},"categories":[1587],"tags":[11,672,1804,215,8324,1805,1803,1777,674,1801,12,1802],"class_list":{"0":"post-367792","1":"post","2":"type-post","3":"status-publish","4":"format-standard","5":"has-post-thumbnail","7":"category-allemagne","8":"tag-actualites","9":"tag-allemagne","10":"tag-bundesrepublik-deutschland","11":"tag-commerce","12":"tag-conjoncture","13":"tag-de","14":"tag-deutschland","15":"tag-eu","16":"tag-europe","17":"tag-germany","18":"tag-news","19":"tag-republique-federale-dallemagne"},"share_on_mastodon":{"url":"https:\/\/pubeurope.com\/@fr\/115150927060035160","error":""},"_links":{"self":[{"href":"https:\/\/www.europesays.com\/fr\/wp-json\/wp\/v2\/posts\/367792","targetHints":{"allow":["GET"]}}],"collection":[{"href":"https:\/\/www.europesays.com\/fr\/wp-json\/wp\/v2\/posts"}],"about":[{"href":"https:\/\/www.europesays.com\/fr\/wp-json\/wp\/v2\/types\/post"}],"author":[{"embeddable":true,"href":"https:\/\/www.europesays.com\/fr\/wp-json\/wp\/v2\/users\/2"}],"replies":[{"embeddable":true,"href":"https:\/\/www.europesays.com\/fr\/wp-json\/wp\/v2\/comments?post=367792"}],"version-history":[{"count":0,"href":"https:\/\/www.europesays.com\/fr\/wp-json\/wp\/v2\/posts\/367792\/revisions"}],"wp:featuredmedia":[{"embeddable":true,"href":"https:\/\/www.europesays.com\/fr\/wp-json\/wp\/v2\/media\/2837"}],"wp:attachment":[{"href":"https:\/\/www.europesays.com\/fr\/wp-json\/wp\/v2\/media?parent=367792"}],"wp:term":[{"taxonomy":"category","embeddable":true,"href":"https:\/\/www.europesays.com\/fr\/wp-json\/wp\/v2\/categories?post=367792"},{"taxonomy":"post_tag","embeddable":true,"href":"https:\/\/www.europesays.com\/fr\/wp-json\/wp\/v2\/tags?post=367792"}],"curies":[{"name":"wp","href":"https:\/\/api.w.org\/{rel}","templated":true}]}}