{"id":367793,"date":"2025-09-05T09:14:11","date_gmt":"2025-09-05T09:14:11","guid":{"rendered":"https:\/\/www.europesays.com\/fr\/367793\/"},"modified":"2025-09-05T09:14:11","modified_gmt":"2025-09-05T09:14:11","slug":"ou-fait-on-le-plus-souvent-greve-en-europe","status":"publish","type":"post","link":"https:\/\/www.europesays.com\/fr\/367793\/","title":{"rendered":"O\u00f9 fait-on le plus souvent gr\u00e8ve en Europe ?"},"content":{"rendered":"<p>                                <a href=\"https:\/\/www.echodumardi.com\/actualite\/ou-fait-on-le-plus-souvent-greve-en-europe\/?print=pdf\" class=\"pdfprnt-button pdfprnt-button-pdf\" target=\"_blank\" rel=\"nofollow noopener\"><img decoding=\"async\" src=\"https:\/\/www.europesays.com\/fr\/wp-content\/uploads\/2025\/05\/pdf_button.jpg\" alt=\"image_pdf\" title=\"View PDF\"\/><\/a><a href=\"https:\/\/www.echodumardi.com\/actualite\/ou-fait-on-le-plus-souvent-greve-en-europe\/?print=print\" class=\"pdfprnt-button pdfprnt-button-print\" target=\"_blank\" rel=\"nofollow noopener\"><\/p>\n<p>La France se pr\u00e9pare \u00e0 deux journ\u00e9es de mobilisation annonc\u00e9es contre les projets d\u2019<a href=\"https:\/\/fr.statista.com\/infographie\/34817\/budget-2026-plan-bayrou-detail-des-economies-prevues-par-poste-de-depenses\/\" target=\"_blank\" rel=\"noreferrer noopener nofollow\">\u00e9conomies budg\u00e9taires du gouvernement Bayrou<\/a>. Le 10 septembre par un mouvement lanc\u00e9 sur les r\u00e9seaux sociaux et le 18 septembre par l\u2019intersyndicale, alors que certains syndicats du secteur des tranports a\u00e9rien et ferroviaire pr\u00e9voient des actions pour les deux dates.\u00a0<\/p>\n<p>\u00c0 cette occasion, nous nous sommes pench\u00e9s sur le recours \u00e0 la gr\u00e8ve en Europe. La France est-elle vraiment le pays o\u00f9 l\u2019on d\u00e9nombre le plus de mouvements sociaux de ce type ?<\/p>\n<p>Selon une analyse de l\u2019Institut syndical europ\u00e9en (<a href=\"https:\/\/www.etui.org\/strikes-map\/\" target=\"_blank\" rel=\"noreferrer noopener nofollow\">European Trade Union Institute, ETUI<\/a>), un centre ind\u00e9pendant de recherche li\u00e9 \u00e0 la Conf\u00e9d\u00e9ration europ\u00e9enne des syndicats, entre 2020 et 2023, la France faisait partie des pays europ\u00e9ens o\u00f9 le nombre annuel moyen de\u00a0<a href=\"https:\/\/fr.statista.com\/infographie\/11046\/evolution-du-nombre-de-greves-en-france-en-journees-individuelles-non-travaillees-pour-1-000-salaries\/\" target=\"_blank\" rel=\"noreferrer noopener nofollow\">jours de gr\u00e8ve recens\u00e9s<\/a>\u00a0\u00e9tait le plus \u00e9lev\u00e9, soit pr\u00e8s de 80 journ\u00e9es non travaill\u00e9es pour 1 000 employ\u00e9s (estimation pour le secteur priv\u00e9 et public). Cependant, elle n\u2019\u00e9tait pas seule en t\u00eate et \u00e9tait m\u00eame devanc\u00e9e sur cette p\u00e9riode, et selon les donn\u00e9es disponibles, par la Finlande (environ 140 jours par an pour 1 000 employ\u00e9s), la Belgique et le Royaume-Uni (chacun plus de 90 jours pour 1 000 employ\u00e9s). \u00c0 l\u2019inverse, les pays europ\u00e9ens comptabilisant les ratios de journ\u00e9es de gr\u00e8ve les moins \u00e9lev\u00e9s sur la p\u00e9riode 2020-2023 \u00e9taient la Pologne, la Lettonie, la Su\u00e8de et la Suisse (1 \u00e0 2 jours non travaill\u00e9s par an pour 1 000 employ\u00e9s).<\/p>\n<p>Il est toutefois important d\u2019indiquer que les pays qui publient des donn\u00e9es \u00e0 ce sujet utilisent des m\u00e9thodologies diff\u00e9rentes pour comptabiliser les gr\u00e8ves, notamment en ce qui concerne les seuils \u00e0 partir duquel elles sont recens\u00e9es (par exemple en France : entreprises de 10 employ\u00e9s ou plus). Ainsi, bien que l\u2019\u00e9tude de pr\u00e9sent\u00e9e ici offre un aper\u00e7u int\u00e9ressant des tendances \u00e0 l\u2019\u00e9chelle r\u00e9gionale, il convient de prendre avec prudence les comparaisons de pays \u00e0 pays et de tenir compte du fait que les chiffres indiqu\u00e9s repr\u00e9sentent une sous-estimation du nombre total r\u00e9el d\u2019actions syndicales \u00e0 l\u2019\u00e9chelle nationale.<\/p>\n<p><strong>Assiste-t-on \u00e0 une recrudescence des gr\u00e8ves en France ?<\/strong><\/p>\n<p>Assiste-t-on a une recrudescence des\u00a0<a href=\"https:\/\/fr.statista.com\/infographie\/4953\/comparaison-nombre-de-journees-non-travaillees-pour-greve-en-europe\/\" target=\"_blank\" rel=\"noreferrer noopener nofollow\">gr\u00e8ves en France<\/a>\u00a0? Tout d\u00e9pend de l\u2019\u00e9chelle de temps sur laquelle on se place. Alors que le nombre de gr\u00e8ves est tomb\u00e9 au plus bas pendant la pand\u00e9mie de Covid-19, un retour en force de la contestation sociale est observ\u00e9 depuis 2022, comme le r\u00e9v\u00e8lent les donn\u00e9es de la Direction de l\u2019animation de la recherche, des \u00e9tudes et des Statistiques (Dares). Toutefois, les chiffres annuels sur les gr\u00e8ves publi\u00e9s \u00e0 ce jour restent assez loin des niveaux enregistr\u00e9s en 2010.<\/p>\n<p>En 2023, derni\u00e8re ann\u00e9e pour laquelle ces donn\u00e9es disponibles, la Dares a comptabilis\u00e9 171 journ\u00e9es individuelles non travaill\u00e9es pour fait de gr\u00e8ve pour 1 000 salari\u00e9s dans le secteur priv\u00e9 non agricole en France. Un chiffre en hausse de 72 % par rapport \u00e0 2022 (99 jours pour 1 000 salari\u00e9s), et de 195 % par rapport au creux enregistr\u00e9 en 2021 (58 jours). L\u2019ann\u00e9e 2023 avait notamment connu des mouvements sociaux importants li\u00e9s \u00e0 la r\u00e9forme des retraites. Comme le montre notre infographie, sur la p\u00e9riode \u00e9tudi\u00e9e (2008-2023), c\u2019est en 2010 que le nombre de jours de gr\u00e8ve dans le priv\u00e9 reste le plus \u00e9lev\u00e9 : 308 jours par salari\u00e9. Cette ann\u00e9e-l\u00e0, d\u2019importants mouvements sociaux avaient touch\u00e9 le pays, principalement contre la r\u00e9forme des retraites, mais ils avaient aussi pris une dimension anti-aust\u00e9rit\u00e9 plus g\u00e9n\u00e9rale suite \u00e0 la crise financi\u00e8re de 2008.<\/p>\n<p>Dans le d\u00e9tail, sur la p\u00e9riode couverte, les transports et la logistique \u00e9taient le secteur d\u2019activit\u00e9 dans lequel le ratio de journ\u00e9es individuelles non travaill\u00e9es pour fait de gr\u00e8ve \u00e9tait le plus \u00e9lev\u00e9 : 538 jours par an pour 1 000 salari\u00e9s, tandis que le secteur de la construction affichait le ratio le plus faible : 11 jours, et que la moyenne nationale dans le secteur priv\u00e9 s\u2019\u00e9levait \u00e0 110 jours.<\/p>\n<p><img loading=\"lazy\" decoding=\"async\" width=\"1024\" height=\"1024\" src=\"https:\/\/www.europesays.com\/fr\/wp-content\/uploads\/2025\/09\/11046-Large-1024x1024.jpeg\" alt=\"\" class=\"wp-image-131095\" style=\"width:514px;height:auto\"  \/>  <\/p>\n<p class=\"has-text-align-right\">De Tristan Gaudiaut pour Statista<\/p>\n","protected":false},"excerpt":{"rendered":"La France se pr\u00e9pare \u00e0 deux journ\u00e9es de mobilisation annonc\u00e9es contre les projets d\u2019\u00e9conomies budg\u00e9taires du gouvernement Bayrou.&hellip;\n","protected":false},"author":2,"featured_media":367794,"comment_status":"","ping_status":"","sticky":false,"template":"","format":"standard","meta":{"footnotes":""},"categories":[1586],"tags":[11,1777,674,1011,27,12,25],"class_list":{"0":"post-367793","1":"post","2":"type-post","3":"status-publish","4":"format-standard","5":"has-post-thumbnail","7":"category-europe","8":"tag-actualites","9":"tag-eu","10":"tag-europe","11":"tag-fr","12":"tag-france","13":"tag-news","14":"tag-republique-francaise"},"share_on_mastodon":{"url":"https:\/\/pubeurope.com\/@fr\/115150931257896751","error":""},"_links":{"self":[{"href":"https:\/\/www.europesays.com\/fr\/wp-json\/wp\/v2\/posts\/367793","targetHints":{"allow":["GET"]}}],"collection":[{"href":"https:\/\/www.europesays.com\/fr\/wp-json\/wp\/v2\/posts"}],"about":[{"href":"https:\/\/www.europesays.com\/fr\/wp-json\/wp\/v2\/types\/post"}],"author":[{"embeddable":true,"href":"https:\/\/www.europesays.com\/fr\/wp-json\/wp\/v2\/users\/2"}],"replies":[{"embeddable":true,"href":"https:\/\/www.europesays.com\/fr\/wp-json\/wp\/v2\/comments?post=367793"}],"version-history":[{"count":0,"href":"https:\/\/www.europesays.com\/fr\/wp-json\/wp\/v2\/posts\/367793\/revisions"}],"wp:featuredmedia":[{"embeddable":true,"href":"https:\/\/www.europesays.com\/fr\/wp-json\/wp\/v2\/media\/367794"}],"wp:attachment":[{"href":"https:\/\/www.europesays.com\/fr\/wp-json\/wp\/v2\/media?parent=367793"}],"wp:term":[{"taxonomy":"category","embeddable":true,"href":"https:\/\/www.europesays.com\/fr\/wp-json\/wp\/v2\/categories?post=367793"},{"taxonomy":"post_tag","embeddable":true,"href":"https:\/\/www.europesays.com\/fr\/wp-json\/wp\/v2\/tags?post=367793"}],"curies":[{"name":"wp","href":"https:\/\/api.w.org\/{rel}","templated":true}]}}