{"id":367795,"date":"2025-09-05T09:15:14","date_gmt":"2025-09-05T09:15:14","guid":{"rendered":"https:\/\/www.europesays.com\/fr\/367795\/"},"modified":"2025-09-05T09:15:14","modified_gmt":"2025-09-05T09:15:14","slug":"une-majorite-de-polonais-sopposent-a-ladhesion-de-lukraine-a-lotan","status":"publish","type":"post","link":"https:\/\/www.europesays.com\/fr\/367795\/","title":{"rendered":"Une majorit\u00e9 de Polonais s&rsquo;opposent \u00e0 l&rsquo;adh\u00e9sion de l&rsquo;Ukraine \u00e0 l&rsquo;OTAN"},"content":{"rendered":"<p>VARSOVIE \u2013 Selon le dernier sondage IBRiS pour le journal Rzeczpospolita, 52,7 % de Polonais s\u2019opposent \u00e0 l\u2019adh\u00e9sion de l\u2019Ukraine \u00e0 l\u2019OTAN contre 33,5 % d\u2019opinions favorables.<\/p>\n<p>Sans surprise, le soutien \u00e0 l\u2019adh\u00e9sion de l\u2019Ukraine \u00e0 l\u2019OTAN est plus marqu\u00e9 parmi les \u00e9lecteurs du gouvernement pro-europ\u00e9en du Premier ministre polonais Donald Tusk (59 %). Les \u00e9lecteurs de l\u2019opposition sont en revanche fermement oppos\u00e9s \u00e0 cette id\u00e9e (74 %). Le gouvernement de Donald Tusk soutient vigoureusement les aspirations de Kiev \u00e0 l\u2019OTAN, tandis que le nouveau pr\u00e9sident Karol Nawrocki, soutenu par le parti d\u2019opposition PiS, a fait part de son scepticisme \u00e0 l\u2019\u00e9gard de la candidature du pays.<\/p>\n<p>En revanche, 51 % des Polonais seraient favorables \u00e0 l\u2019adh\u00e9sion de l\u2019Ukraine \u00e0 l\u2019UE, ce qui est l\u00e9g\u00e8rement inf\u00e9rieur \u00e0 la moyenne europ\u00e9enne de 52 %, selon la derni\u00e8re enqu\u00eate <a href=\"https:\/\/enlargement.ec.europa.eu\/news\/special-eurobarometer-and-perception-surveys-2025-09-02_en\" rel=\"nofollow noopener\" target=\"_blank\">Eurobarom\u00e8tre<\/a>. C\u2019est dans les pays nordiques et baltes que le soutien est le plus \u00e9lev\u00e9 : 91 % pour la Su\u00e8de, 81 % pour le Danemark et la Finlande, 72 % pour la Lituanie, 64 % pour la Lettonie et 61 % pour l\u2019Estonie.<\/p>\n<p>Les plus fervents opposants \u00e0 l\u2019adh\u00e9sion de l\u2019Ukraine \u00e0 l\u2019UE vivent en Hongrie et en R\u00e9publique tch\u00e8que, o\u00f9 64 % des personnes interrog\u00e9es sont contre.<\/p>\n<p>En d\u00e9but de semaine, le pr\u00e9sident russe Vladimir Poutine <a href=\"https:\/\/www.euractiv.fr\/section\/politics\/news\/la-russie-se-dit-ouverte-a-ladhesion-de-lukraine-a-lue\/\" target=\"_blank\" rel=\"noopener nofollow\">a fait la distinction<\/a> entre les candidatures de l\u2019Ukraine \u00e0 l\u2019UE et \u00e0 l\u2019OTAN, d\u00e9clarant que Moscou \u00ab\u2009ne s\u2019est jamais oppos\u00e9e\u2009\u00bb \u00e0 la premi\u00e8re, mais qu\u2019elle consid\u00e9rait la seconde comme \u00ab\u2009une question diff\u00e9rente\u2009\u00bb.<\/p>\n","protected":false},"excerpt":{"rendered":"VARSOVIE \u2013 Selon le dernier sondage IBRiS pour le journal Rzeczpospolita, 52,7 % de Polonais s\u2019opposent \u00e0 l\u2019adh\u00e9sion&hellip;\n","protected":false},"author":2,"featured_media":367796,"comment_status":"","ping_status":"","sticky":false,"template":"","format":"standard","meta":{"footnotes":""},"categories":[1586],"tags":[11,1777,674,1779,1011,27,12,25,1778,364],"class_list":{"0":"post-367795","1":"post","2":"type-post","3":"status-publish","4":"format-standard","5":"has-post-thumbnail","7":"category-europe","8":"tag-actualites","9":"tag-eu","10":"tag-europe","11":"tag-european-union","12":"tag-fr","13":"tag-france","14":"tag-news","15":"tag-republique-francaise","16":"tag-ue","17":"tag-union-europeenne"},"share_on_mastodon":{"url":"https:\/\/pubeurope.com\/@fr\/115150934730308338","error":""},"_links":{"self":[{"href":"https:\/\/www.europesays.com\/fr\/wp-json\/wp\/v2\/posts\/367795","targetHints":{"allow":["GET"]}}],"collection":[{"href":"https:\/\/www.europesays.com\/fr\/wp-json\/wp\/v2\/posts"}],"about":[{"href":"https:\/\/www.europesays.com\/fr\/wp-json\/wp\/v2\/types\/post"}],"author":[{"embeddable":true,"href":"https:\/\/www.europesays.com\/fr\/wp-json\/wp\/v2\/users\/2"}],"replies":[{"embeddable":true,"href":"https:\/\/www.europesays.com\/fr\/wp-json\/wp\/v2\/comments?post=367795"}],"version-history":[{"count":0,"href":"https:\/\/www.europesays.com\/fr\/wp-json\/wp\/v2\/posts\/367795\/revisions"}],"wp:featuredmedia":[{"embeddable":true,"href":"https:\/\/www.europesays.com\/fr\/wp-json\/wp\/v2\/media\/367796"}],"wp:attachment":[{"href":"https:\/\/www.europesays.com\/fr\/wp-json\/wp\/v2\/media?parent=367795"}],"wp:term":[{"taxonomy":"category","embeddable":true,"href":"https:\/\/www.europesays.com\/fr\/wp-json\/wp\/v2\/categories?post=367795"},{"taxonomy":"post_tag","embeddable":true,"href":"https:\/\/www.europesays.com\/fr\/wp-json\/wp\/v2\/tags?post=367795"}],"curies":[{"name":"wp","href":"https:\/\/api.w.org\/{rel}","templated":true}]}}