{"id":367800,"date":"2025-09-05T09:18:16","date_gmt":"2025-09-05T09:18:16","guid":{"rendered":"https:\/\/www.europesays.com\/fr\/367800\/"},"modified":"2025-09-05T09:18:16","modified_gmt":"2025-09-05T09:18:16","slug":"belges-americaines-britanniques-la-france-attire-toujours-plus-de-touristes-etrangers","status":"publish","type":"post","link":"https:\/\/www.europesays.com\/fr\/367800\/","title":{"rendered":"Belges, Am\u00e9ricaines, britanniques\u2026 La France attire toujours plus de touristes \u00e9trangers"},"content":{"rendered":"<ul class=\"jsx-862013697 ArticleChapo__List\">\n<li class=\"jsx-862013697 ArticleChapo__List_Item flex\">La France a continu\u00e9 d&rsquo;attirer des touristes \u00e9trangers cet \u00e9t\u00e9, a indiqu\u00e9 jeudi le minist\u00e8re du Tourisme.<\/li>\n<li class=\"jsx-862013697 ArticleChapo__List_Item flex\">Les recettes d&rsquo;origine internationale ont progress\u00e9 dans le secteur du tourisme en France de 13,7% au premier semestre.<\/li>\n<\/ul>\n<p data-module=\"article-paragraph\" class=\"jsx-3046738180 Paragraph\">Quel bilan pour cette saison estivale 2025 ? Les recettes d&rsquo;origine internationale ont progress\u00e9 dans <a href=\"https:\/\/www.tf1info.fr\/economie\/tourisme-la-saison-est-bonne-assure-la-ministre-nathalie-delattre-sur-tf1-2386201.html\" target=\"_blank\" rel=\"noopener\">le secteur du tourisme<\/a> en France de 13,7% au premier semestre, pour atteindre 37,3 milliards d&rsquo;euros, et la France a continu\u00e9 d&rsquo;attirer des touristes \u00e9trangers cet \u00e9t\u00e9, a indiqu\u00e9 jeudi <a href=\"https:\/\/presse.economie.gouv.fr\/tourisme-en-france-bilan-de-la-saison-estivale-2025\/\" target=\"_blank\" rel=\"noopener\">le minist\u00e8re du Tourisme.<\/a><\/p>\n<p data-module=\"article-paragraph\" class=\"jsx-3046738180 Paragraph Paragraph__End\">\u00ab\u00a0Ces chiffres confirment la dynamique de croissance des recettes touristiques internationales ces derni\u00e8res ann\u00e9es (58 milliards d\u2019euros en 2019, 63,5 milliards d\u2019euros en 2023 et 71 milliards d\u2019euros en 2024) et sont conformes \u00e0 la trajectoire qui vise \u00e0 atteindre 100 milliards d\u2019euros de recettes du tourisme international d\u2019ici \u00e0 2030\u00a0\u00bb, a soulign\u00e9 le minist\u00e8re dans un communiqu\u00e9.<\/p>\n<p>Les \u00c9tats-Unis, deuxi\u00e8me pourvoyeur de touristes en France<\/p>\n<p data-module=\"article-paragraph\" class=\"jsx-3046738180 Paragraph\">\u00ab\u00a0Le tourisme constitue l\u2019un des principaux moteurs de la croissance \u00e9conomique fran\u00e7aise. Cette dynamique positive se poursuit sur le premier semestre de cette ann\u00e9e, tir\u00e9e notamment par les recettes du tourisme international qui poursuivent leur progression\u00a0\u00bb, a d\u00e9clar\u00e9 la ministre du Tourisme Nathalie Delattre, cit\u00e9e dans le communiqu\u00e9.<\/p>\n<p data-module=\"article-paragraph\" class=\"jsx-3046738180 Paragraph\">Les \u00c9tats-Unis sont devenus le deuxi\u00e8me <a href=\"https:\/\/www.tf1info.fr\/societe\/tourisme-en-france-do-you-speak-english-1186670.html\" target=\"_blank\" rel=\"noopener\">pourvoyeur de touristes en France<\/a>, derri\u00e8re la Belgique mais devant le Royaume-Uni et l&rsquo;Allemagne. Cet \u00e9t\u00e9, la France est rest\u00e9e attractive pour les touristes \u00e9trangers puisque les arriv\u00e9es a\u00e9riennes internationales ont augment\u00e9 de 2,5% par rapport \u00e0 2024 (+1% en juillet, +4% en ao\u00fbt).\u00a0<\/p>\n<p data-module=\"article-paragraph\" class=\"jsx-3046738180 Paragraph Paragraph__End\">Cette hausse a \u00e9t\u00e9 port\u00e9e par \u00ab\u00a0une client\u00e8le europ\u00e9enne fid\u00e8le\u00a0\u00bb, selon le minist\u00e8re, qui cite les Su\u00e9dois (+16,6%), les Danois (+16,2%) et les Allemands (+6,3%). Le nombre d&rsquo;Australiens a progress\u00e9 de 30%, de Cor\u00e9ens du Sud de 12,3%, de Canadiens de 9,35%, de Chinois de 2,85% et d&rsquo;Am\u00e9ricains de 2%.<\/p>\n<p>Un quart des Fran\u00e7ais ont r\u00e9duit la dur\u00e9e de leur s\u00e9jour <\/p>\n<p data-module=\"article-paragraph\" class=\"jsx-3046738180 Paragraph Paragraph__End\">C\u00f4t\u00e9 Fran\u00e7ais, la fr\u00e9quentation s&rsquo;est maintenue au niveau de 2024, avec 290 millions de nuit\u00e9e enregistr\u00e9es entre fin juin et mi-ao\u00fbt. Cependant, un quart des vacanciers ont r\u00e9duit la dur\u00e9e de leur s\u00e9jour et un tiers ont chang\u00e9 de destination, le plus souvent pour des raisons \u00e9conomiques. Un vacancier sur cinq a diminu\u00e9 son budget,<a href=\"https:\/\/www.tf1info.fr\/conso\/tourisme-pourquoi-les-vacanciers-boudent-ils-les-restaurants-cet-ete-2385351.html\" target=\"_blank\" rel=\"noopener\"> en ciblant en priorit\u00e9 la restauration<\/a> (60% des r\u00e9ductions d\u00e9clar\u00e9es) et les achats.\u00a0<\/p>\n<p><a href=\"https:\/\/www.tf1info.fr\/conso\/video-reportage-tf1-repas-a-emporter-pique-nique-avec-un-pouvoir-d-achat-en-baisse-les-vacanciers-changent-leurs-habitudes-2387887.html\" rel=\"noopener\" class=\"jsx-3308031228 Link flex\" target=\"_blank\"><img decoding=\"async\" src=\"https:\/\/www.europesays.com\/fr\/wp-content\/uploads\/2025\/09\/pique-nique-plage-vacances-86ea29-0@1x.jpeg\" alt=\"Getty Images\" loading=\"lazy\" importance=\"low\" fetchpriority=\"low\" class=\"\" aria-hidden=\"true\"\/><\/p>\n<p class=\"jsx-3657663356 ReadMoreArticle__Title\">Lire aussi<\/p>\n<p class=\"jsx-3657663356\">Repas \u00e0 emporter, pique-nique&#8230; Avec un pouvoir d&rsquo;achat en baisse, les vacanciers changent leurs habitudes<\/p>\n<p><\/a><\/p>\n<p data-module=\"article-paragraph\" class=\"jsx-3046738180 Paragraph Paragraph__End\">Pour l\u2019arri\u00e8re-saison, 31% des destinations anticipent une stabilit\u00e9 de leur fr\u00e9quentation en septembre, 22% une progression. Seules les<a href=\"https:\/\/www.tf1info.fr\/societe\/video-pyrenees-atlantiques-le-ras-le-bol-des-sauveteurs-en-montagne-face-aux-randonneurs-et-alpinistes-imprudents-2373451.html\" target=\"_blank\" rel=\"noopener\"> zones de montagne<\/a> se montrent plus r\u00e9serv\u00e9es. Les pr\u00e9visions d\u2019arriv\u00e9es a\u00e9riennes sont en hausse de 7,7% pour la p\u00e9riode septembre-novembre. Dans le locatif, les r\u00e9servations progressent d\u00e9j\u00e0 de 4% pour septembre et 12% pour octobre. Enfin, 44% des Fran\u00e7ais envisagent un s\u00e9jour d\u2019ici d\u00e9but novembre, dont 70% en France, mais seulement 20% ont d\u00e9j\u00e0 r\u00e9serv\u00e9.<\/p>\n<p>A. LG avec AFP<\/p>\n","protected":false},"excerpt":{"rendered":"La France a continu\u00e9 d&rsquo;attirer des touristes \u00e9trangers cet \u00e9t\u00e9, a indiqu\u00e9 jeudi le minist\u00e8re du Tourisme. Les&hellip;\n","protected":false},"author":2,"featured_media":204946,"comment_status":"","ping_status":"","sticky":false,"template":"","format":"standard","meta":{"footnotes":""},"categories":[4],"tags":[1111,11,1921,1011,27,1922,6276,12,2661,50226,25,2923,21573,2528,133,5642],"class_list":{"0":"post-367800","1":"post","2":"type-post","3":"status-publish","4":"format-standard","5":"has-post-thumbnail","7":"category-france","8":"tag-actu","9":"tag-actualites","10":"tag-article-video","11":"tag-fr","12":"tag-france","13":"tag-info","14":"tag-modes-de-consommation","15":"tag-news","16":"tag-patrimoine-culturel","17":"tag-patrimoine-gastronomique","18":"tag-republique-francaise","19":"tag-restaurants","20":"tag-tourisme-et-loisirs","21":"tag-vacances","22":"tag-video","23":"tag-video-economie"},"share_on_mastodon":{"url":"https:\/\/pubeurope.com\/@fr\/115150946698495278","error":""},"_links":{"self":[{"href":"https:\/\/www.europesays.com\/fr\/wp-json\/wp\/v2\/posts\/367800","targetHints":{"allow":["GET"]}}],"collection":[{"href":"https:\/\/www.europesays.com\/fr\/wp-json\/wp\/v2\/posts"}],"about":[{"href":"https:\/\/www.europesays.com\/fr\/wp-json\/wp\/v2\/types\/post"}],"author":[{"embeddable":true,"href":"https:\/\/www.europesays.com\/fr\/wp-json\/wp\/v2\/users\/2"}],"replies":[{"embeddable":true,"href":"https:\/\/www.europesays.com\/fr\/wp-json\/wp\/v2\/comments?post=367800"}],"version-history":[{"count":0,"href":"https:\/\/www.europesays.com\/fr\/wp-json\/wp\/v2\/posts\/367800\/revisions"}],"wp:featuredmedia":[{"embeddable":true,"href":"https:\/\/www.europesays.com\/fr\/wp-json\/wp\/v2\/media\/204946"}],"wp:attachment":[{"href":"https:\/\/www.europesays.com\/fr\/wp-json\/wp\/v2\/media?parent=367800"}],"wp:term":[{"taxonomy":"category","embeddable":true,"href":"https:\/\/www.europesays.com\/fr\/wp-json\/wp\/v2\/categories?post=367800"},{"taxonomy":"post_tag","embeddable":true,"href":"https:\/\/www.europesays.com\/fr\/wp-json\/wp\/v2\/tags?post=367800"}],"curies":[{"name":"wp","href":"https:\/\/api.w.org\/{rel}","templated":true}]}}