{"id":367811,"date":"2025-09-05T09:26:12","date_gmt":"2025-09-05T09:26:12","guid":{"rendered":"https:\/\/www.europesays.com\/fr\/367811\/"},"modified":"2025-09-05T09:26:12","modified_gmt":"2025-09-05T09:26:12","slug":"cyclisme-transfert-biniam-girmay-dans-la-formation-israel-premier-tech-en-2026","status":"publish","type":"post","link":"https:\/\/www.europesays.com\/fr\/367811\/","title":{"rendered":"Cyclisme. Transfert &#8211; Biniam Girmay dans la formation Israel-Premier Tech en 2026 ?"},"content":{"rendered":"<p>C&rsquo;est une annonce plus ou moins surprenante concernant l&rsquo;avenir de <strong><a href=\"https:\/\/www.cyclismactu.net\/..\/news-transfert-route-fusion-intermarche-lotto-l-avenir-de-biniam-girmay-est-en-suspens-89801.html\" target=\"_blank\" rel=\"nofollow noopener\">Biniam Girmay<\/a><\/strong> (Intermarch\u00e9-Wanty). En effet, selon nos confr\u00e8res du m\u00e9dia <a href=\"https:\/\/www.lesoir.be\/697187\/article\/2025-09-04\/cyclisme-lavenir-de-biniam-girmay-se-situera-chez-israel-premier-tech\" target=\"_blank\" rel=\"nofollow noopener\">Le Soir<\/a>, le maillot vert du <strong>Tour de France<\/strong> 2024 devrait s&rsquo;engager soit en 2026 soit en 2027, en fonction de la probable fusion entre <strong>Lotto<\/strong> et <strong>Intermarch\u00e9-Wanty<\/strong>, avec l&rsquo;\u00e9quipe au centre de tous les d\u00e9bats actuels, la formation <strong>Israel-Premier Tech<\/strong> ! Derni\u00e8rement \u00e0 Louvain (Belgique), avec son agent <strong>Alex Carrera<\/strong> (le m\u00eame que Tadej Pogacar), l&rsquo;\u00c9rythr\u00e9en de 25 ans semblait avoir fix\u00e9 son avenir. <strong>Carrera<\/strong> avait alors \u00e9crit en l\u00e9gende de son post Instagram : \u00ab\u00a0D\u00e9sormais, son futur est plus clair.\u00a0\u00bb<\/p>\n<p>Vid\u00e9o &#8211; Israel-Premier Tech au c\u0153ur des tensions sur cette Vuelta ! Lire la suite de l&rsquo;article&#13;<br \/>\n&#13;<br \/>\nUn changement de nom pour Israel-Premier Tech en 2026 ?&#13;<\/p>\n<p>Au c\u0153ur de toutes les controverses au cours de cette <strong>Vuelta<\/strong>, avec de nombreuses manifestations pro-palestiniennes qui proclament la suppression de cette \u00e9quipe dans les pelotons professionnels, la formation <strong>Israel-Premier Tech<\/strong> devrait, toujours selon le m\u00e9dia Le Soir, changer de nom et devenir seulement <strong>Premier Tech<\/strong>\u00a0\u00e0 partir du 1er janvier prochain. Le sponsoring du nom <strong>Israel<\/strong> suscite chez certains membres du staff des menaces de mort, comme l&rsquo;a expliqu\u00e9 le directeur sportif <strong>Oscar Guerrero<\/strong> aupr\u00e8s de la radio espagnole <a href=\"https:\/\/www.ondacero.es\/programas\/radioestadio-noche\/oscar-gutierrez-director-israelpremier-tech-nos-han-llegado-amenazas-muerte-tenemos-miedo_2025090468b8c8598f77821956ac635e.html\" target=\"_blank\" rel=\"nofollow noopener\">Onda Cero<\/a>.<\/p>\n","protected":false},"excerpt":{"rendered":"C&rsquo;est une annonce plus ou moins surprenante concernant l&rsquo;avenir de Biniam Girmay (Intermarch\u00e9-Wanty). En effet, selon nos confr\u00e8res&hellip;\n","protected":false},"author":2,"featured_media":367812,"comment_status":"","ping_status":"","sticky":false,"template":"","format":"standard","meta":{"footnotes":""},"categories":[1411],"tags":[1154,207,211,1011,27,209,60,210,969,212,208,213],"class_list":{"0":"post-367811","1":"post","2":"type-post","3":"status-publish","4":"format-standard","5":"has-post-thumbnail","7":"category-cyclisme","8":"tag-cycling","9":"tag-cyclisme","10":"tag-ffc","11":"tag-fr","12":"tag-france","13":"tag-route","14":"tag-sports","15":"tag-tour-de-france","16":"tag-transfert","17":"tag-uci","18":"tag-velo","19":"tag-world-tour"},"share_on_mastodon":{"url":"https:\/\/pubeurope.com\/@fr\/115150978000512173","error":""},"_links":{"self":[{"href":"https:\/\/www.europesays.com\/fr\/wp-json\/wp\/v2\/posts\/367811","targetHints":{"allow":["GET"]}}],"collection":[{"href":"https:\/\/www.europesays.com\/fr\/wp-json\/wp\/v2\/posts"}],"about":[{"href":"https:\/\/www.europesays.com\/fr\/wp-json\/wp\/v2\/types\/post"}],"author":[{"embeddable":true,"href":"https:\/\/www.europesays.com\/fr\/wp-json\/wp\/v2\/users\/2"}],"replies":[{"embeddable":true,"href":"https:\/\/www.europesays.com\/fr\/wp-json\/wp\/v2\/comments?post=367811"}],"version-history":[{"count":0,"href":"https:\/\/www.europesays.com\/fr\/wp-json\/wp\/v2\/posts\/367811\/revisions"}],"wp:featuredmedia":[{"embeddable":true,"href":"https:\/\/www.europesays.com\/fr\/wp-json\/wp\/v2\/media\/367812"}],"wp:attachment":[{"href":"https:\/\/www.europesays.com\/fr\/wp-json\/wp\/v2\/media?parent=367811"}],"wp:term":[{"taxonomy":"category","embeddable":true,"href":"https:\/\/www.europesays.com\/fr\/wp-json\/wp\/v2\/categories?post=367811"},{"taxonomy":"post_tag","embeddable":true,"href":"https:\/\/www.europesays.com\/fr\/wp-json\/wp\/v2\/tags?post=367811"}],"curies":[{"name":"wp","href":"https:\/\/api.w.org\/{rel}","templated":true}]}}