{"id":367813,"date":"2025-09-05T09:27:14","date_gmt":"2025-09-05T09:27:14","guid":{"rendered":"https:\/\/www.europesays.com\/fr\/367813\/"},"modified":"2025-09-05T09:27:14","modified_gmt":"2025-09-05T09:27:14","slug":"transfert-a-lom-la-terrible-manipulation-en-coulisses","status":"publish","type":"post","link":"https:\/\/www.europesays.com\/fr\/367813\/","title":{"rendered":"Transfert \u00e0 l&rsquo;OM : La terrible manipulation en coulisses&#8230;"},"content":{"rendered":"<p>Thomas Bourseau<\/p>\n<p>                        &#8211;<\/p>\n<p>R\u00e9dacteur<\/p>\n<p>F\u00e9ru de sport, Thomas a grandi entre le ballon rond du football et le orange du basket, ses deux coups de c\u0153ur depuis toujours. Dipl\u00f4m\u00e9 d\u2019un Master et d\u2019une Licence \u00e0 l\u2019Institut Europ\u00e9en du Journalisme de Paris, il suit toujours de tr\u00e8s pr\u00e8s les aventures d\u2019Arsenal et des Los Angeles Lakers.<\/p>\n<p class=\"heading\">Pendant un long moment, le feuilleton Joel Ordonez a anim\u00e9 l&rsquo;actualit\u00e9 mercato de l&rsquo;Olympique de Marseille&#8230; en vain. Le defenseur \u00e9quatorien n&rsquo;a pas \u00e9t\u00e9 lib\u00e9r\u00e9 par le Club Bruges qui aurait tout bonnement \u00ab manipul\u00e9 \u00bb l&rsquo;OM selon les informations du journaliste Romain Molina. Le voile se l\u00e8ve.<\/p>\n<p>La course \u00e0 la signature de <strong>Joel Ordonez <\/strong>n&rsquo;a pas eu l&rsquo;effet escompt\u00e9 par les dirigeants de l&rsquo;<strong>Olympique de Marseille<\/strong>. Les d\u00e9cideurs du club phoc\u00e9en ont fait, si l&rsquo;on se fie aux informations divulgu\u00e9es par L&rsquo;Equipe, de l&rsquo;international \u00e9quatorien de 21 ans une priorit\u00e9 absolue pour renforcer le secteur d\u00e9fensif de <strong>Roberto De Zerbi<\/strong>. Cependant, tout ne s&rsquo;est pas pass\u00e9 comme pr\u00e9vu. <\/p>\n<p>                                            \u00abBruges a manipul\u00e9 l&rsquo;OM en esp\u00e9rant une offre digne de Premier League \u00e0 40-50M\u20ac\u00bb<\/p>\n<p>Le <strong>Club Bruges<\/strong> semble avoir fait mariner l&rsquo;<a href=\"https:\/\/le10sport.com\/football\/ligue1\/om\/om-la-catastrophe-annoncee-756787\" rel=\"nofollow noopener\" target=\"_blank\">OM<\/a> pendant quelque temps avant de finalement d\u00e9cider de ne pas se s\u00e9parer de <strong>Joel Ordonez<\/strong> qui n&rsquo;apparaissait pourtant plus dans le groupe de l&rsquo;\u00e9quipe belge pendant tout le mois d&rsquo;ao\u00fbt. <strong>Romain Molina <\/strong>a fait une r\u00e9v\u00e9lation sur le feuilleton <strong>Ordonez<\/strong> par le biais de sa cha\u00eene YouTube. \u00ab Bruges a manipul\u00e9 l&rsquo;OM en esp\u00e9rant une offre digne de Premier League \u00e0 40-50M\u20ac. Un accord \u00e0 25M\u20ac existait mais ils ont fait tra\u00eener&#8230; \u00bb<\/p>\n<p>                                            \u00abOrdonez est rest\u00e9 \u00e0 Bruges et l&rsquo;OM a pris Aguerd, leur plan B\u00bb<\/p>\n<p>Le journaliste a poursuivi sa sortie en expliquant qu&rsquo;une fois que le comit\u00e9 directeur de l<strong>&lsquo;OM<\/strong> avait compris le petit jeu du <strong>Club Bruges<\/strong>, l&rsquo;alternative <strong>Nayef Aguerd <\/strong>\u00e0 23M\u20ac s&rsquo;est imm\u00e9diatement mise en marche. \u00ab R\u00e9sultat : Ordonez est rest\u00e9 \u00e0 Bruges et l&rsquo;OM a pris Aguerd, leur plan B \u00bb. <\/p>\n","protected":false},"excerpt":{"rendered":"Thomas Bourseau &#8211; R\u00e9dacteur F\u00e9ru de sport, Thomas a grandi entre le ballon rond du football et le&hellip;\n","protected":false},"author":2,"featured_media":367814,"comment_status":"","ping_status":"","sticky":false,"template":"","format":"standard","meta":{"footnotes":""},"categories":[1410],"tags":[63,1011,27,60],"class_list":{"0":"post-367813","1":"post","2":"type-post","3":"status-publish","4":"format-standard","5":"has-post-thumbnail","7":"category-football","8":"tag-football","9":"tag-fr","10":"tag-france","11":"tag-sports"},"share_on_mastodon":{"url":"https:\/\/pubeurope.com\/@fr\/115150982024633716","error":""},"_links":{"self":[{"href":"https:\/\/www.europesays.com\/fr\/wp-json\/wp\/v2\/posts\/367813","targetHints":{"allow":["GET"]}}],"collection":[{"href":"https:\/\/www.europesays.com\/fr\/wp-json\/wp\/v2\/posts"}],"about":[{"href":"https:\/\/www.europesays.com\/fr\/wp-json\/wp\/v2\/types\/post"}],"author":[{"embeddable":true,"href":"https:\/\/www.europesays.com\/fr\/wp-json\/wp\/v2\/users\/2"}],"replies":[{"embeddable":true,"href":"https:\/\/www.europesays.com\/fr\/wp-json\/wp\/v2\/comments?post=367813"}],"version-history":[{"count":0,"href":"https:\/\/www.europesays.com\/fr\/wp-json\/wp\/v2\/posts\/367813\/revisions"}],"wp:featuredmedia":[{"embeddable":true,"href":"https:\/\/www.europesays.com\/fr\/wp-json\/wp\/v2\/media\/367814"}],"wp:attachment":[{"href":"https:\/\/www.europesays.com\/fr\/wp-json\/wp\/v2\/media?parent=367813"}],"wp:term":[{"taxonomy":"category","embeddable":true,"href":"https:\/\/www.europesays.com\/fr\/wp-json\/wp\/v2\/categories?post=367813"},{"taxonomy":"post_tag","embeddable":true,"href":"https:\/\/www.europesays.com\/fr\/wp-json\/wp\/v2\/tags?post=367813"}],"curies":[{"name":"wp","href":"https:\/\/api.w.org\/{rel}","templated":true}]}}