{"id":367819,"date":"2025-09-05T09:30:11","date_gmt":"2025-09-05T09:30:11","guid":{"rendered":"https:\/\/www.europesays.com\/fr\/367819\/"},"modified":"2025-09-05T09:30:11","modified_gmt":"2025-09-05T09:30:11","slug":"kolkhoze-demmanuel-carrere-la-famille-au-grand-complet-liberation","status":"publish","type":"post","link":"https:\/\/www.europesays.com\/fr\/367819\/","title":{"rendered":"\u00abKolkhoze\u00bb d\u2019Emmanuel Carr\u00e8re : la famille au grand complet &#8211; Lib\u00e9ration"},"content":{"rendered":"<ol>\n<li><a href=\"https:\/\/news.google.com\/rss\/articles\/CBMizAFBVV95cUxNdE1OeTVNOXd0X3E2WGhBeDdIR3czNmx6anUwWmpiOFdTdTN6VjJuN2ZxeHNpeHFSLWRVR2dTRFBZTWtoV0N5RVZyWTdZbWFJU3dQd1ZmSk5FYy1WNzZaWm1tRXJkNjU0bFBjWXRBdWJsSUtjRUNKbVhtc2I2TUhXMnBwdEJZTEYzejVvYVZnQ2RjdGpBLTVJbnhNR211T2dnbkF4SzdpWnZ6U1ptU29NVmFTdkRBSEVxYUQ5Q1ZFLXNIUjRXWXhHeFlFYjA?oc=5\" target=\"_blank\" rel=\"noopener\">\u00abKolkhoze\u00bb d\u2019Emmanuel Carr\u00e8re : la famille au grand complet<\/a>&nbsp;&nbsp;Lib\u00e9ration<\/li>\n<li><a href=\"https:\/\/news.google.com\/rss\/articles\/CBMivwFBVV95cUxOSXZzWjJWVEhxU3EtVUtpc1ZzazhNTTNWazdOYnZLbVBBRGhqZnJjcmViSVpwYjNNeWc1SVNheFRKdE8yNU5qTXNFUFQzNTRrRVVLRkdHSkxnZ0VoSmhBWFZEdHg0VmtTSXNHZ2NYcDZOc0w2bVFBcmdxWHl6clNFWWo0dm5ZLW1LSWZ5MzhDdlFaR2RfUkhGZExCd1hXTXp3WVVoWXhXSmNmdllYdENib1JMcnVwU3hFdFVYSWlrQQ?oc=5\" target=\"_blank\" rel=\"noopener\">S18 &#8211; Emmanuel Carr\u00e8re, Maria Pourchet, Catherine Millet, Nathacha Appanah et Catherine Girard<\/a>&nbsp;&nbsp;France TV<\/li>\n<li><a href=\"https:\/\/news.google.com\/rss\/articles\/CBMixgFBVV95cUxQUGYxbVRhTGdydnlFQ25ENk9nd0gxdWNuZ3FpQUpsSDFYSDUxZTcwNlJPbkY4SDNza2paOGlmMnBWSUtfUUpqRGlwRkxmWmJWcWtFV1d3Sk1SSUU0WlNZRS1BeDFiTTNfT0xQWGFsOWRyNng4SngwdGJMLUE2QVJkYjVia1NjdlBydjc3aFZtMFBJYmpQdzVhZzZBcW9LT0h0b292aS1XRmxTZWNfRzdYcTBidUJVNF83QjFWOVZUTFBkcGkzdVE?oc=5\" target=\"_blank\" rel=\"noopener\">Critique litt\u00e9rature : \u00ab\u00a0Kolkhoze\u00a0\u00bb un des romans les plus intimes d&rsquo;Emmanuel Carr\u00e8re<\/a>&nbsp;&nbsp;Radio France<\/li>\n<li><a href=\"https:\/\/news.google.com\/rss\/articles\/CBMivAFBVV95cUxPQkVLVDk0WVJ1UHZpdXp1Y1dOTVNZdjhiaTU2dnhhRzlTaEtqczMySlNLcFhQN0s4Qm9PT1VqQ1AtengwN3M3RGdVM290ZjVkOEVwRV8xeVlFbWdjNjhDTzNHSFlhZ3dQcF9mSUxCak94OVJVRGFhS3QteWRrUk9LUy1pZHpvbS1QOG9vRVZsZ3Y5RDEyaVZ5andISmowTnVPTmNXQU5BQ0xVamxHZzNVdnhndUd2MzN6RUtaMg?oc=5\" target=\"_blank\" rel=\"noopener\">Les meilleures ventes de livres du 25 ao\u00fbt au 1er septembre 2025 : rentr\u00e9e r\u00e9ussie pour Emmanuel Carr\u00e8re<\/a>&nbsp;&nbsp;Livres Hebdo<\/li>\n<li><a href=\"https:\/\/news.google.com\/rss\/articles\/CBMimgFBVV95cUxPQk5oUzVWQ21sR0Q2YXdhODhVaVdfYUQxQzM1T1B2LUZrNk9ZYUtJTFhUUG5sY1lHSjUxSWJkTHlldjM4SWJKTzVHa2NWTUFKVHgzelNCY1ZTOGNnR1c3MGtRMnpuaGtCMF80b3R0TGpYUmxjbWl1aUs5VlpGcHRtUWJDaUxNSDl3U3B3am5EUjM4M0ozcWE5eXNR?oc=5\" target=\"_blank\" rel=\"noopener\">Emmanuel Carr\u00e8re, le Caucase loquace<\/a>&nbsp;&nbsp;Les Echos<\/li>\n<\/ol>\n","protected":false},"excerpt":{"rendered":"\u00abKolkhoze\u00bb d\u2019Emmanuel Carr\u00e8re : la famille au grand complet&nbsp;&nbsp;Lib\u00e9ration S18 &#8211; Emmanuel Carr\u00e8re, Maria Pourchet, Catherine Millet, Nathacha&hellip;\n","protected":false},"author":2,"featured_media":367820,"comment_status":"","ping_status":"","sticky":false,"template":"","format":"standard","meta":{"footnotes":""},"categories":[1357],"tags":[1379,10488,58,59,1011,27,1380],"class_list":{"0":"post-367819","1":"post","2":"type-post","3":"status-publish","4":"format-standard","5":"has-post-thumbnail","7":"category-livres","8":"tag-books","9":"tag-cahier-livres","10":"tag-divertissement","11":"tag-entertainment","12":"tag-fr","13":"tag-france","14":"tag-livres"},"share_on_mastodon":{"url":"https:\/\/pubeurope.com\/@fr\/115150993752654680","error":""},"_links":{"self":[{"href":"https:\/\/www.europesays.com\/fr\/wp-json\/wp\/v2\/posts\/367819","targetHints":{"allow":["GET"]}}],"collection":[{"href":"https:\/\/www.europesays.com\/fr\/wp-json\/wp\/v2\/posts"}],"about":[{"href":"https:\/\/www.europesays.com\/fr\/wp-json\/wp\/v2\/types\/post"}],"author":[{"embeddable":true,"href":"https:\/\/www.europesays.com\/fr\/wp-json\/wp\/v2\/users\/2"}],"replies":[{"embeddable":true,"href":"https:\/\/www.europesays.com\/fr\/wp-json\/wp\/v2\/comments?post=367819"}],"version-history":[{"count":0,"href":"https:\/\/www.europesays.com\/fr\/wp-json\/wp\/v2\/posts\/367819\/revisions"}],"wp:featuredmedia":[{"embeddable":true,"href":"https:\/\/www.europesays.com\/fr\/wp-json\/wp\/v2\/media\/367820"}],"wp:attachment":[{"href":"https:\/\/www.europesays.com\/fr\/wp-json\/wp\/v2\/media?parent=367819"}],"wp:term":[{"taxonomy":"category","embeddable":true,"href":"https:\/\/www.europesays.com\/fr\/wp-json\/wp\/v2\/categories?post=367819"},{"taxonomy":"post_tag","embeddable":true,"href":"https:\/\/www.europesays.com\/fr\/wp-json\/wp\/v2\/tags?post=367819"}],"curies":[{"name":"wp","href":"https:\/\/api.w.org\/{rel}","templated":true}]}}