{"id":367821,"date":"2025-09-05T09:31:10","date_gmt":"2025-09-05T09:31:10","guid":{"rendered":"https:\/\/www.europesays.com\/fr\/367821\/"},"modified":"2025-09-05T09:31:10","modified_gmt":"2025-09-05T09:31:10","slug":"matthieu-delormeau-je-nai-plus-de-prod-plus-de-chaine-plus-de-mec-il-raconte-sa-descente-aux-enfers-avec-la-cocaine-chez-cyril-hanouna","status":"publish","type":"post","link":"https:\/\/www.europesays.com\/fr\/367821\/","title":{"rendered":"Matthieu Delormeau\u00a0: \u00ab\u00a0Je n\u2019ai plus de prod, plus de cha\u00eene, plus de mec\u2026\u00a0\u00bb Il raconte sa descente aux enfers avec la coca\u00efne chez Cyril Hanouna"},"content":{"rendered":"<p>\n                                                                    l&rsquo;essentiel<br \/>\n                                                                Le chroniqueur Matthieu Delormeau a t\u00e9moign\u00e9 jeudi soir dans \u00ab\u00a0Tout beau, tout n9uf\u00a0\u00bb, l\u2019\u00e9mission de Cyril Hanouna sur W9, sur sa d\u00e9pendance \u00e0 la coca\u00efne et sa cure de d\u00e9sintoxication.\n                            <\/p>\n<p>Apr\u00e8s avoir fait deux faux bonds, Matthieu Delormeau est finalement venu t\u00e9moigner jeudi soir dans \u00ab\u00a0Tout beau, tout n9uf\u00a0\u00bb, l\u2019\u00e9mission de Cyril Hanouna sur W9. Le chroniqueur avait bri\u00e8vement commenc\u00e9 \u00e0 raconter ses probl\u00e8mes de drogue lundi soir pour la premi\u00e8re de l\u2019\u00e9mission. Il devait revenir parler plus longuement mardi, un rendez-vous repouss\u00e9 \u00e0 mercredi et finalement \u00e0 jeudi.<\/p>\n<p class=\"std-elt__inline\">\n        <strong>\u00c0 lire aussi :<\/strong><br \/>\n        <a href=\"https:\/\/www.ladepeche.fr\/2025\/09\/02\/matthieu-delormeau-prise-de-poids-difficultes-delocution-il-revient-chez-cyril-hanouna-apres-sa-cure-de-desintoxication-12905929.php\" rel=\"nofollow noopener\" target=\"_blank\">Matthieu Delormeau\u00a0: prise de poids, difficult\u00e9s d\u2019\u00e9locution\u2026 il revient chez Cyril Hanouna apr\u00e8s sa cure de d\u00e9sintoxication<\/a>\n    <\/p>\n<p>Matthieu Delormeau a racont\u00e9 sa d\u00e9pendance \u00e0 la coca\u00efne, qui lui avait valu deux arrestations en tant qu\u2019acheteur \u00e0 Paris en f\u00e9vrier\u00a02025 et en juillet\u00a02024. Il avait d\u2019abord \u00e9cop\u00e9 d\u2019une injonction th\u00e9rapeutique pour usage de stup\u00e9fiants puis s\u2019\u00e9tait vu notifier ensuite une amende par ordonnance p\u00e9nale.<\/p>\n<p>Le chroniqueur, parfois au bord des larmes, n\u2019a \u00e9lud\u00e9 aucune question. Il est d\u2019abord revenu sur son d\u00e9part de \u00ab\u00a0TPMP\u00a0\u00bb il y a deux ans. \u00ab\u00a0Quand j\u2019ai quitt\u00e9 l\u2019\u00e9mission y\u2019a deux ans, derri\u00e8re personne n\u2019a voulu travailler avec moi. Y\u2019a un moment c\u2019est tr\u00e8s dur quoi\u00a0\u00bb, a-t-il racont\u00e9. Et il affirme avoir pay\u00e9 cher sa proximit\u00e9 avec Cyril Hanouna. \u00ab\u00a0Toutes les soci\u00e9t\u00e9s m\u2019ont dit\u00a0: tu es le bras droit d\u2019Hanouna, tu vas payer\u00a0\u00bb. R\u00e9sultat\u00a0: sa soci\u00e9t\u00e9 de production ne survit pas. \u00ab\u00a0Mon mec me quitte\u00a0: il a raison, je fais des b\u00eatises. Je n\u2019ai plus de prod, plus de cha\u00eene, plus de mec\u00a0\u00bb. Il affirme avoir perdu 150\u00a0000\u00a0euros.<\/p>\n<blockquote data-media-max-width=\"560\" data-class=\"twitter-tweet\">\n<p lang=\"fr\" dir=\"ltr\">\u00ab\u00a0C&rsquo;\u00e9tait clairement un cachot\u00a0\u00bb<\/p>\n<p>. <a href=\"https:\/\/twitter.com\/Mdelormeau?ref_src=twsrc%5Etfw\" rel=\"nofollow noopener\" target=\"_blank\">@Mdelormeau<\/a> nous raconte ses gardes \u00e0 vue et sa descente aux enfers en exclusivit\u00e9 dans <a href=\"https:\/\/twitter.com\/hashtag\/TBT9?src=hash&amp;ref_src=twsrc%5Etfw\" rel=\"nofollow noopener\" target=\"_blank\">#TBT9<\/a> <a href=\"https:\/\/t.co\/q5Rznl24XX\" rel=\"nofollow\">pic.twitter.com\/q5Rznl24XX<\/a><\/p>\n<p>\u2014 TBT9 (@TBT9_W9) <a href=\"https:\/\/twitter.com\/TBT9_W9\/status\/1963680990704070777?ref_src=twsrc%5Etfw\" rel=\"nofollow noopener\" target=\"_blank\">September 4, 2025<\/a><\/p><\/blockquote>\n<p>\u00c9chapper \u00e0 \u00ab\u00a0l\u2019anxi\u00e9t\u00e9\u00a0\u00bb<\/p>\n<p>La consommation de coca\u00efne\u00a0? Il assure que c\u2019\u00e9tait pour \u00e9chapper \u00e0 \u00ab\u00a0l\u2019anxi\u00e9t\u00e9\u00a0\u00bb. Il raconte les soir\u00e9es o\u00f9 \u00ab\u00a0tout le monde en prend\u00a0\u00bb et raconte \u00eatre tomb\u00e9 dans une spirale infernale. \u00ab\u00a0Au bout de six mois, le produit fait effet et te met en d\u00e9pression. Et t\u2019en prends pour te sortir de la d\u00e9pression\u00a0\u00bb. Il devient vite accro\u00a0: \u00ab\u00a0Le matin, j\u2019essayais de travailler et j\u2019arrivais pas sans le produit. Je ne pouvais m\u00eame pas ouvrir un texto\u00a0\u00bb.<\/p>\n<p class=\"std-elt__inline\">\n        <strong>\u00c0 lire aussi :<\/strong><br \/>\n        <a href=\"https:\/\/www.ladepeche.fr\/2023\/05\/12\/tpmp-le-chroniqueur-matthieu-delormeau-annonce-quitter-definitivement-lemission-11192033.php\" rel=\"nofollow noopener\" target=\"_blank\">TPMP : le chroniqueur Matthieu Delormeau annonce quitter \u00ab\u00a0d\u00e9finitivement\u00a0\u00bb l\u2019\u00e9mission<\/a>\n    <\/p>\n<p>\u00ab\u00a0C\u2019est une cata\u00a0\u00bb<\/p>\n<p>Matthieu Delormeau a racont\u00e9 les suites de ses deux arrestations par la police. \u00ab\u00a0J\u2019ai v\u00e9cu la police, la justice, tu vois \u00e0 quel point c\u2019est une cata. Ils te mettent la t\u00eate contre la moquette et t\u2019es en GAV (garde \u00e0 vue, NDLR). Ils m\u2019ont mis dans un cachot, 4 m\u00b2, un chiotte turc, une cam\u00e9ra. On peut \u00eatre 4\/5 par truc\u00a0\u00bb.<\/p>\n<blockquote data-media-max-width=\"560\" data-class=\"twitter-tweet\">\n<p lang=\"fr\" dir=\"ltr\">\u00ab\u00a0C&rsquo;\u00e9tait clairement un cachot\u00a0\u00bb<\/p>\n<p>. <a href=\"https:\/\/twitter.com\/Mdelormeau?ref_src=twsrc%5Etfw\" rel=\"nofollow noopener\" target=\"_blank\">@Mdelormeau<\/a> nous raconte ses gardes \u00e0 vue et sa descente aux enfers en exclusivit\u00e9 dans <a href=\"https:\/\/twitter.com\/hashtag\/TBT9?src=hash&amp;ref_src=twsrc%5Etfw\" rel=\"nofollow noopener\" target=\"_blank\">#TBT9<\/a> <a href=\"https:\/\/t.co\/q5Rznl24XX\" rel=\"nofollow\">pic.twitter.com\/q5Rznl24XX<\/a><\/p>\n<p>\u2014 TBT9 (@TBT9_W9) <a href=\"https:\/\/twitter.com\/TBT9_W9\/status\/1963680990704070777?ref_src=twsrc%5Etfw\" rel=\"nofollow noopener\" target=\"_blank\">September 4, 2025<\/a><\/p><\/blockquote>\n<p>Son souvenir le plus douloureux reste les deux cures de d\u00e9sintoxication qu\u2019il a suivies. Une clinique o\u00f9 les r\u00e8gles de vie \u00e9taient, selon lui, semblables \u00e0 une prison. \u00ab\u00a0Tu ne peux rien faire seul. \u00c0 18\u00a0heures tu d\u00eenes, si t\u2019as pas d\u00een\u00e9 on t\u2019appelle. Tu parles avec quelqu\u2019un dans le couloir, un micro te dit de ne pas rester dans le couloir\u00a0\u00bb.<\/p>\n<p>Aujourd\u2019hui Matthieu Delormeau assure ne plus se droguer et faire 1h de sport par jour. Il reste toujours sous traitement. Cyril Hanouna lui a propos\u00e9 de redevenir chroniqueur cette saison dans \u00ab\u00a0Tout beau, tout n9uf\u00a0\u00bb.<\/p>\n<p>    \u00ab\u00a0Ma s\u0153ur m\u2019en veut\u00a0\u00bb<\/p>\n<p>Matthieu Delormeau avait aussi fait parler de lui cet \u00e9t\u00e9 <a href=\"https:\/\/www.ladepeche.fr\/2025\/07\/09\/matthieu-delormeau-publie-une-video-intime-de-lui-sur-les-reseaux-sociaux-les-internautes-sous-le-choc-12815759.php\" target=\"_blank\" rel=\"nofollow noopener\">en partageant une vid\u00e9o \u00e0 caract\u00e8re sexuel sur Instagram<\/a> cet \u00e9t\u00e9. \u00ab\u00a0Par erreur\u00a0\u00bb, sans s\u2019en rendre compte, a-t-il assur\u00e9. Sa s\u0153ur, qui l\u2019a vue, tente de le pr\u00e9venir mais il s\u2019est endormi. \u00ab\u00a0Ce soir-l\u00e0, ma s\u0153ur \u00e9tait \u00e0 une soir\u00e9e \u00e0 TF1. Elle avait son t\u00e9l\u00e9phone en main. Ma s\u0153ur, elle m\u2019en veut\u00a0! Elle m\u2019a dit\u00a0: \u00ab\u00a0Je pr\u00e9f\u00e9rerais m\u2019appeler Julie Jmenbatslescouilles que Julie Delormeau en ce moment\u00a0! Tu te rends compte de ce que c\u2019est que de s\u2019appeler Julie Delormeau \u00e0 TF1\u00a0?\u00a0\u00bb Et Matthieu Delormeau de poursuivre\u00a0: \u00ab\u00a0Pareil pour mon p\u00e8re qui est avocat, enfin\u2026 Ouais, je comprends\u00a0\u00bb.<\/p>\n<p>                                                                                                                                                                                                        <script async src=\"https:\/\/platform.twitter.com\/widgets.js\" charset=\"utf-8\"><\/script><\/p>\n","protected":false},"excerpt":{"rendered":"l&rsquo;essentiel Le chroniqueur Matthieu Delormeau a t\u00e9moign\u00e9 jeudi soir dans \u00ab\u00a0Tout beau, tout n9uf\u00a0\u00bb, l\u2019\u00e9mission de Cyril Hanouna&hellip;\n","protected":false},"author":2,"featured_media":367822,"comment_status":"","ping_status":"","sticky":false,"template":"","format":"standard","meta":{"footnotes":""},"categories":[1356],"tags":[58,59,1011,27,252,1364],"class_list":{"0":"post-367821","1":"post","2":"type-post","3":"status-publish","4":"format-standard","5":"has-post-thumbnail","7":"category-television","8":"tag-divertissement","9":"tag-entertainment","10":"tag-fr","11":"tag-france","12":"tag-television","13":"tag-tv"},"share_on_mastodon":{"url":"https:\/\/pubeurope.com\/@fr\/115150997698473173","error":""},"_links":{"self":[{"href":"https:\/\/www.europesays.com\/fr\/wp-json\/wp\/v2\/posts\/367821","targetHints":{"allow":["GET"]}}],"collection":[{"href":"https:\/\/www.europesays.com\/fr\/wp-json\/wp\/v2\/posts"}],"about":[{"href":"https:\/\/www.europesays.com\/fr\/wp-json\/wp\/v2\/types\/post"}],"author":[{"embeddable":true,"href":"https:\/\/www.europesays.com\/fr\/wp-json\/wp\/v2\/users\/2"}],"replies":[{"embeddable":true,"href":"https:\/\/www.europesays.com\/fr\/wp-json\/wp\/v2\/comments?post=367821"}],"version-history":[{"count":0,"href":"https:\/\/www.europesays.com\/fr\/wp-json\/wp\/v2\/posts\/367821\/revisions"}],"wp:featuredmedia":[{"embeddable":true,"href":"https:\/\/www.europesays.com\/fr\/wp-json\/wp\/v2\/media\/367822"}],"wp:attachment":[{"href":"https:\/\/www.europesays.com\/fr\/wp-json\/wp\/v2\/media?parent=367821"}],"wp:term":[{"taxonomy":"category","embeddable":true,"href":"https:\/\/www.europesays.com\/fr\/wp-json\/wp\/v2\/categories?post=367821"},{"taxonomy":"post_tag","embeddable":true,"href":"https:\/\/www.europesays.com\/fr\/wp-json\/wp\/v2\/tags?post=367821"}],"curies":[{"name":"wp","href":"https:\/\/api.w.org\/{rel}","templated":true}]}}