{"id":367823,"date":"2025-09-05T09:32:07","date_gmt":"2025-09-05T09:32:07","guid":{"rendered":"https:\/\/www.europesays.com\/fr\/367823\/"},"modified":"2025-09-05T09:32:07","modified_gmt":"2025-09-05T09:32:07","slug":"musique-pierre-garnier-devoile-lhorizon-un-nouveau-single-ou-il-ose-la-vulnerabilite-en-se-confrontant-a-ses-angoisses-tendanceouest-com","status":"publish","type":"post","link":"https:\/\/www.europesays.com\/fr\/367823\/","title":{"rendered":"Musique. Pierre Garnier d\u00e9voile &quot;L&#039;horizon&quot;, un nouveau single o\u00f9 il ose la vuln\u00e9rabilit\u00e9 en se confrontant \u00e0 ses angoisses &#8211; tendanceouest.com"},"content":{"rendered":"<ol>\n<li><a href=\"https:\/\/news.google.com\/rss\/articles\/CBMi-gFBVV95cUxOWmhqeTlHR1o2eHdDallpeUo4T0o1X3E3dlhHSUV2QThlYm50QUx3eExPZlBnWE1fQkZ1Qy1tOGdGejlDOVNPWFNFdmt3UXVRZTl6c1FtYlM4cFlVWGZISnNxVDFZUHREdmhjUHRGZGhqeFQtZzNfQzFaQWRVa0tSOUFtOUNPVEg2MDBHN0stdGp5SjJWR1pOS1ljU01KUmpoajYwRkhzcnNJamotMkw2SzlMby1lNU42QmtKOU1TWXVFSTNSUzFQZFhxMjBnY19xYVBYX2tORzU4RDBJXzRKa1EyUzVtak5wcUZvQ05OUlAyZU16SXo3dUJR?oc=5\" target=\"_blank\" rel=\"nofollow noopener\">Musique. Pierre Garnier d\u00e9voile \u00ab\u00a0L&rsquo;horizon\u00a0\u00bb, un nouveau single o\u00f9 il ose la vuln\u00e9rabilit\u00e9 en se confrontant \u00e0 ses angoisses<\/a>&nbsp;&nbsp;tendanceouest.com<\/li>\n<li><a href=\"https:\/\/news.google.com\/rss\/articles\/CBMib0FVX3lxTE1kZVhpN0ZZcDdrSFlydFZjWEdQX2hZVXVQTVZlR3RwX1ZmUE5KYkdubmloUWN5R3dWS3RoX0ZWQWp6ZTQ3Y3V5MzdILUF0N0tVZDZSUUFIX2FzMHRQWHRqN1QwR1NVMjZvQUdqeDVmYw?oc=5\" target=\"_blank\" rel=\"nofollow noopener\">Pierre Garnier change de style sur son nouveau single, et c&rsquo;est une r\u00e9ussite !<\/a>&nbsp;&nbsp;Charts in France<\/li>\n<li><a href=\"https:\/\/news.google.com\/rss\/articles\/CBMif0FVX3lxTE1YR3hyWXB0cXU1QWJrc1l5VlowczMtTHdkU0E5SERWM25jNTEwakZkSHZDRzZlc1F3SkMtenFJVTYxeFNlR08yOW83VFlROGZtWG8yU1owc0JMbkVuTzFHd0ZpekJYOUNEdFhWakpsTUxpY2NqT0kxMVZGTFJueXM?oc=5\" target=\"_blank\" rel=\"nofollow noopener\">Pierre Garnier : l\u2019annonce qui affole les r\u00e9seaux sociaux<\/a>&nbsp;&nbsp;NRJ Belgique<\/li>\n<li><a href=\"https:\/\/news.google.com\/rss\/articles\/CBMib0FVX3lxTE1CbkhycVBoTzUwWF9HdTFNN04zb2ZmSmk5cFNDbGRpT0kyRi1JQXQyMFU4Q1ltUHk4a2VJNXoxdy11UURLNGdlTkNRS2RrVUJlT2YyVVhlZTd2RlFQTlM3UllwTFljdm5LaEtQYnhQZw?oc=5\" target=\"_blank\" rel=\"nofollow noopener\">Pierre Garnier : cette grande annonce qui affole les fans !<\/a>&nbsp;&nbsp;Charts in France<\/li>\n<\/ol>\n","protected":false},"excerpt":{"rendered":"Musique. Pierre Garnier d\u00e9voile \u00ab\u00a0L&rsquo;horizon\u00a0\u00bb, un nouveau single o\u00f9 il ose la vuln\u00e9rabilit\u00e9 en se confrontant \u00e0 ses&hellip;\n","protected":false},"author":2,"featured_media":1445,"comment_status":"","ping_status":"","sticky":false,"template":"","format":"standard","meta":{"footnotes":""},"categories":[1355],"tags":[58,59,1011,27,1361,873],"class_list":{"0":"post-367823","1":"post","2":"type-post","3":"status-publish","4":"format-standard","5":"has-post-thumbnail","7":"category-musique","8":"tag-divertissement","9":"tag-entertainment","10":"tag-fr","11":"tag-france","12":"tag-music","13":"tag-musique"},"share_on_mastodon":{"url":"https:\/\/pubeurope.com\/@fr\/115151001558140726","error":""},"_links":{"self":[{"href":"https:\/\/www.europesays.com\/fr\/wp-json\/wp\/v2\/posts\/367823","targetHints":{"allow":["GET"]}}],"collection":[{"href":"https:\/\/www.europesays.com\/fr\/wp-json\/wp\/v2\/posts"}],"about":[{"href":"https:\/\/www.europesays.com\/fr\/wp-json\/wp\/v2\/types\/post"}],"author":[{"embeddable":true,"href":"https:\/\/www.europesays.com\/fr\/wp-json\/wp\/v2\/users\/2"}],"replies":[{"embeddable":true,"href":"https:\/\/www.europesays.com\/fr\/wp-json\/wp\/v2\/comments?post=367823"}],"version-history":[{"count":0,"href":"https:\/\/www.europesays.com\/fr\/wp-json\/wp\/v2\/posts\/367823\/revisions"}],"wp:featuredmedia":[{"embeddable":true,"href":"https:\/\/www.europesays.com\/fr\/wp-json\/wp\/v2\/media\/1445"}],"wp:attachment":[{"href":"https:\/\/www.europesays.com\/fr\/wp-json\/wp\/v2\/media?parent=367823"}],"wp:term":[{"taxonomy":"category","embeddable":true,"href":"https:\/\/www.europesays.com\/fr\/wp-json\/wp\/v2\/categories?post=367823"},{"taxonomy":"post_tag","embeddable":true,"href":"https:\/\/www.europesays.com\/fr\/wp-json\/wp\/v2\/tags?post=367823"}],"curies":[{"name":"wp","href":"https:\/\/api.w.org\/{rel}","templated":true}]}}