{"id":367824,"date":"2025-09-05T09:33:29","date_gmt":"2025-09-05T09:33:29","guid":{"rendered":"https:\/\/www.europesays.com\/fr\/367824\/"},"modified":"2025-09-05T09:33:29","modified_gmt":"2025-09-05T09:33:29","slug":"un-soir-un-film-qui-a-vu-le-dernier-film-de-kad-merad","status":"publish","type":"post","link":"https:\/\/www.europesays.com\/fr\/367824\/","title":{"rendered":"Un soir, un film\u00a0: Qui a vu le dernier film de Kad Merad\u00a0?"},"content":{"rendered":"<p>Il y a plusieurs facteurs. Il y a d\u2019abord un<strong> ph\u00e9nom\u00e8ne d\u2019usure<\/strong>, qui touche Kad Merad, mais aussi des Dany Boon ou des Mich\u00e8le Laroque\u00a0: ces artistes tournent trop, et finissent par lasser le public.<\/p>\n<p>Un autre facteur, c\u2019est la <strong>cons\u00e9quence du Covid<\/strong>\u00a0: pendant le confinement, les producteurs ont vendu leur catalogue de com\u00e9dies \u00e0 des plateformes de streaming, ce qui a fa\u00e7onn\u00e9 de nouveaux modes de consommation\u00a0: ces com\u00e9dies \u00e9crites et\u00a0mises en sc\u00e8ne comme des t\u00e9l\u00e9films, on\u00a0les regarde d\u00e9sormais \u00e0 la maison, on ne paye plus une place de cin\u00e9ma pour les voir. <\/p>\n<p>D\u2019ailleurs, si un jour vous avez la curiosit\u00e9 de regarder \u00ab\u00a0Papamobile\u00a0\u00bb, il suffit d\u2019attendre quelques mois, le producteur a d\u2019ores et d\u00e9j\u00e0 vendu le film\u2026 A <strong>une plateforme de streaming<\/strong>. C.Q.F.D.<\/p>\n<p><strong>Retrouvez la s\u00e9quence \u00ab\u00a0Un Soir, un Film\u00a0\u00bb, du lundi au jeudi \u00e0 18h55, dans Le Monde en direct.<\/strong><\/p>\n","protected":false},"excerpt":{"rendered":"Il y a plusieurs facteurs. Il y a d\u2019abord un ph\u00e9nom\u00e8ne d\u2019usure, qui touche Kad Merad, mais aussi&hellip;\n","protected":false},"author":2,"featured_media":367825,"comment_status":"","ping_status":"","sticky":false,"template":"","format":"standard","meta":{"footnotes":""},"categories":[1354],"tags":[58,59,1346,1011,27,1360],"class_list":{"0":"post-367824","1":"post","2":"type-post","3":"status-publish","4":"format-standard","5":"has-post-thumbnail","7":"category-films","8":"tag-divertissement","9":"tag-entertainment","10":"tag-films","11":"tag-fr","12":"tag-france","13":"tag-movies"},"share_on_mastodon":{"url":"https:\/\/pubeurope.com\/@fr\/115151005545374158","error":""},"_links":{"self":[{"href":"https:\/\/www.europesays.com\/fr\/wp-json\/wp\/v2\/posts\/367824","targetHints":{"allow":["GET"]}}],"collection":[{"href":"https:\/\/www.europesays.com\/fr\/wp-json\/wp\/v2\/posts"}],"about":[{"href":"https:\/\/www.europesays.com\/fr\/wp-json\/wp\/v2\/types\/post"}],"author":[{"embeddable":true,"href":"https:\/\/www.europesays.com\/fr\/wp-json\/wp\/v2\/users\/2"}],"replies":[{"embeddable":true,"href":"https:\/\/www.europesays.com\/fr\/wp-json\/wp\/v2\/comments?post=367824"}],"version-history":[{"count":0,"href":"https:\/\/www.europesays.com\/fr\/wp-json\/wp\/v2\/posts\/367824\/revisions"}],"wp:featuredmedia":[{"embeddable":true,"href":"https:\/\/www.europesays.com\/fr\/wp-json\/wp\/v2\/media\/367825"}],"wp:attachment":[{"href":"https:\/\/www.europesays.com\/fr\/wp-json\/wp\/v2\/media?parent=367824"}],"wp:term":[{"taxonomy":"category","embeddable":true,"href":"https:\/\/www.europesays.com\/fr\/wp-json\/wp\/v2\/categories?post=367824"},{"taxonomy":"post_tag","embeddable":true,"href":"https:\/\/www.europesays.com\/fr\/wp-json\/wp\/v2\/tags?post=367824"}],"curies":[{"name":"wp","href":"https:\/\/api.w.org\/{rel}","templated":true}]}}