{"id":367826,"date":"2025-09-05T09:34:10","date_gmt":"2025-09-05T09:34:10","guid":{"rendered":"https:\/\/www.europesays.com\/fr\/367826\/"},"modified":"2025-09-05T09:34:10","modified_gmt":"2025-09-05T09:34:10","slug":"cancer-de-la-peau-un-vaccin-attendu-pourrait-bouleverser-les-traitements","status":"publish","type":"post","link":"https:\/\/www.europesays.com\/fr\/367826\/","title":{"rendered":"Cancer de la peau : un vaccin attendu pourrait bouleverser les traitements"},"content":{"rendered":"<p>Il arrive parfois que la science laisse esp\u00e9rer ce que la m\u00e9decine n&rsquo;osait plus promettre. Sur nos plages ou au d\u00e9tour du jardin, le soleil s&rsquo;invite dans notre quotidien, v\u00e9ritable alli\u00e9 du moral, mais parfois, ennemi redoutable pour la peau. Parmi toutes ses cons\u00e9quences invisibles, le m\u00e9lanome, forme la plus agressive du cancer cutan\u00e9, ne cesse de pr\u00e9occuper la communaut\u00e9 m\u00e9dicale. Pourtant, un vent d&rsquo;optimisme souffle aujourd&rsquo;hui : l&rsquo;id\u00e9e m\u00eame d&rsquo;un vaccin capable de pr\u00e9venir ou d&rsquo;am\u00e9liorer le traitement du m\u00e9lanome n&rsquo;est plus un simple r\u00eave. Cette avanc\u00e9e pourrait bient\u00f4t changer la donne, offrant \u00e0 chacun une chance suppl\u00e9mentaire face \u00e0 un cancer trop longtemps rest\u00e9 sans v\u00e9ritable parade. Que cache donc ce possible bouleversement en pr\u00e9paration ?<\/p>\n<p>Sous le soleil, la menace invisible du m\u00e9lanome gagne du terrain<br \/>\nPourquoi le m\u00e9lanome inqui\u00e8te autant : chiffres alarmants et profils \u00e0 risque<\/p>\n<p>Le m\u00e9lanome touche chaque ann\u00e9e plus de 18 000 personnes en France, et les chiffres continuent d&rsquo;augmenter, notamment chez les plus de 60 ans. <strong>\u00c0 peine visible \u00e0 ses d\u00e9buts<\/strong>, il peut \u00e9voluer en silence, limitant l&rsquo;efficacit\u00e9 d&rsquo;une d\u00e9tection tardive. L&rsquo;exposition intense au soleil, un teint clair, ou la pr\u00e9sence de nombreux grains de beaut\u00e9 sont autant de facteurs qui accroissent le risque. La vigilance est donc de mise, <strong>particuli\u00e8rement pour les seniors<\/strong>, souvent plus expos\u00e9s aux rayons UV sur la dur\u00e9e d&rsquo;une vie.<\/p>\n<p>Entre pr\u00e9vention et traitements actuels : des armes parfois insuffisantes<\/p>\n<p>Depuis des ann\u00e9es, la pr\u00e9vention reste la premi\u00e8re barri\u00e8re : chapeaux, v\u00eatements couvrants, cr\u00e8me solaire sont devenus des alli\u00e9s de chaque \u00e9t\u00e9. Pourtant, m\u00eame avec ces pr\u00e9cautions, certains m\u00e9lanomes surviennent. Les traitements actuels, comme la chirurgie, la radioth\u00e9rapie ou l&rsquo;immunoth\u00e9rapie, progressent mais pr\u00e9sentent encore leurs limites, tant en efficacit\u00e9 qu&rsquo;en accessibilit\u00e9. D&rsquo;o\u00f9 ce <strong>sentiment d&rsquo;urgence<\/strong> : il est temps que la science innovante propose une protection suppl\u00e9mentaire.<\/p>\n<p>Un vaccin anti-m\u00e9lanome : l&rsquo;espoir rena\u00eet<br \/>\nUne approche r\u00e9volutionnaire : comment fonctionne ce vaccin nouvelle g\u00e9n\u00e9ration<\/p>\n<p>Imaginez un vaccin qui ne se contente pas d&rsquo;\u00e9duquer le <a href=\"https:\/\/journaldesseniors.20minutes.fr\/sante\/fini-les-carences-ce-fruit-dautomne-va-transformer-votre-peau-et-votre-systeme-immunitaire\/\" target=\"_blank\" rel=\"noopener\">syst\u00e8me immunitaire<\/a> contre un virus, mais qui am\u00e8ne nos d\u00e9fenses naturelles \u00e0 reconna\u00eetre et \u00e0 attaquer sp\u00e9cifiquement les cellules canc\u00e9reuses du m\u00e9lanome. Ce proc\u00e9d\u00e9 repose sur la capacit\u00e9 du vaccin \u00e0 <strong>stimuler une r\u00e9ponse immunitaire cibl\u00e9e<\/strong> contre les cellules anormales, de fa\u00e7on personnalis\u00e9e, en s&rsquo;appuyant sur les particularit\u00e9s g\u00e9n\u00e9tiques du cancer de chaque patient.<\/p>\n<p>De l&rsquo;immunoth\u00e9rapie au vaccin : ce qui change vraiment dans la lutte<\/p>\n<p>Si l&rsquo;immunoth\u00e9rapie a d\u00e9j\u00e0 r\u00e9volutionn\u00e9 la prise en charge de nombreux cancers en permettant au corps de se d\u00e9fendre lui-m\u00eame, le passage au vaccin repr\u00e9sente une nouvelle \u00e9tape. Ce vaccin propose une pr\u00e9vention active et une personnalisation jamais vue jusqu&rsquo;alors, car il peut \u00eatre adapt\u00e9 au profil tumoral du patient. La promesse est grande : <strong>moins d&rsquo;effets secondaires et une meilleure efficacit\u00e9<\/strong>, y compris en phase pr\u00e9coce de la maladie.<\/p>\n<p> Des essais cliniques prometteurs qui bousculent les certitudes<br \/>\nEfficacit\u00e9 d\u00e9montr\u00e9e : des r\u00e9sultats impressionnants sur les patients<\/p>\n<p>En 2025, les premiers chiffres issus des essais cliniques sont venus insuffler l&rsquo;espoir. Les patients ayant re\u00e7u le vaccin exp\u00e9rimental, d\u00e9velopp\u00e9 conjointement par deux laboratoires de renom, ont vu leur risque de r\u00e9cidive diminuer de mani\u00e8re significative. <strong>Certains r\u00e9sultats \u00e9voquent une r\u00e9duction d&rsquo;environ 44 %<\/strong> des rechutes de m\u00e9lanome au stade avanc\u00e9. Un v\u00e9ritable tournant dans la prise en charge de cette maladie.<\/p>\n<p>S\u00e9curit\u00e9 et effets secondaires : quels enseignements tirer des \u00e9tudes<\/p>\n<p>Du c\u00f4t\u00e9 de la s\u00e9curit\u00e9, la prudence reste de mise mais les premiers retours font \u00e9tat de <strong>peu d&rsquo;effets secondaires graves<\/strong>. Les r\u00e9actions observ\u00e9es sont le plus souvent mod\u00e9r\u00e9es : rougeur, fi\u00e8vre l\u00e9g\u00e8re, fatigue. Pour la majorit\u00e9 des patients, ces d\u00e9sagr\u00e9ments disparaissent en quelques jours \u2013 un compromis acceptable au regard des b\u00e9n\u00e9fices potentiels offerts.<\/p>\n<p> Qui sont les acteurs derri\u00e8re cette avanc\u00e9e ?<br \/>\nMerck et Moderna : une alliance strat\u00e9gique contre le cancer de la peau<\/p>\n<p>Deux g\u00e9ants de la sant\u00e9, le laboratoire Merck et la soci\u00e9t\u00e9 Moderna, se sont alli\u00e9s pour concevoir ce vaccin r\u00e9volutionnaire. Forte de son expertise dans l&rsquo;ARN messager, la m\u00eame technologie \u00e0 l&rsquo;origine de certains vaccins anti-Covid, <strong>Moderna<\/strong> apporte ici un savoir-faire de pointe, tandis que <strong>Merck<\/strong> met \u00e0 profit son exp\u00e9rience en oncologie. Une synergie qui donne du poids et de la cr\u00e9dibilit\u00e9 \u00e0 cette innovation prometteuse.<\/p>\n<p> Coop\u00e9rations internationales et enjeux industriels<\/p>\n<p>\u00c0 l&rsquo;\u00e9chelle mondiale, de nombreux autres centres de recherche participent \u00e0 l&rsquo;aventure, dans un esprit de coop\u00e9ration internationale. La fabrication et la distribution \u00e0 grande \u00e9chelle repr\u00e9senteront le <strong>prochain d\u00e9fi majeur<\/strong>, pour que ce vaccin ne reste pas un privil\u00e8ge r\u00e9serv\u00e9 \u00e0 quelques-uns, mais b\u00e9n\u00e9ficie rapidement \u00e0 tous ceux qui en ont besoin.<\/p>\n<p> \u00c0 quoi ressemblera demain pour les patients atteints de m\u00e9lanome ?<br \/>\nPremiers concern\u00e9s : pour qui, quand, et comment acc\u00e9der au vaccin<\/p>\n<p>La commercialisation du vaccin pourrait d\u00e9buter d\u00e8s la fin de l&rsquo;ann\u00e9e 2025, en priorit\u00e9 pour les personnes ayant un risque \u00e9lev\u00e9 de r\u00e9cidive de m\u00e9lanome apr\u00e8s un traitement initial. <strong>Les oncologues seront en premi\u00e8re ligne<\/strong> pour proposer l&rsquo;acc\u00e8s au vaccin aux patients concern\u00e9s. Les d\u00e9marches d\u00e8s l&rsquo;annonce de la disponibilit\u00e9 seront \u00e0 suivre attentivement pour celles et ceux qui pourraient en b\u00e9n\u00e9ficier.<\/p>\n<p>Vers une g\u00e9n\u00e9ralisation : le vaccin va-t-il changer le quotidien en oncologie ?<\/p>\n<p>Si l&rsquo;efficacit\u00e9 et la s\u00e9curit\u00e9 sont confirm\u00e9es, la g\u00e9n\u00e9ralisation du vaccin pourrait transformer durablement la prise en charge du m\u00e9lanome. <strong>Moins d&rsquo;angoisse face \u00e0 la r\u00e9cidive<\/strong>, de nouveaux espoirs de gu\u00e9rison, une pr\u00e9vention personnalis\u00e9e&#8230; Autant d&rsquo;\u00e9l\u00e9ments qui pourraient r\u00e9volutionner la vie quotidienne des personnes touch\u00e9es et de leurs proches.<\/p>\n<p> Vers une nouvelle \u00e8re dans la lutte contre le cancer de la peau<br \/>\n Ce que l&rsquo;arriv\u00e9e du vaccin change face au m\u00e9lanome<\/p>\n<p>L&rsquo;introduction d&rsquo;un vaccin repr\u00e9sente une \u00e9tape historique dans la pr\u00e9vention et le traitement du m\u00e9lanome. Cette innovation porte en elle la promesse d&rsquo;une <strong>meilleure qualit\u00e9 de vie<\/strong>, d&rsquo;une diminution des traitements lourds et d&rsquo;un v\u00e9ritable suppl\u00e9ment d&rsquo;esp\u00e9rance. \u00c0 condition bien entendu de ne pas rel\u00e2cher la vigilance face \u00e0 l&rsquo;exposition solaire, car la pr\u00e9vention demeure compl\u00e9mentaire et essentielle.<\/p>\n<p>Prochaines \u00e9tapes et conseils : rester vigilant, les autres pistes d&rsquo;innovation \u00e0 suivre<\/p>\n<p>Si le vaccin r\u00e9volutionne la lutte contre le m\u00e9lanome, il ne doit pas faire oublier l&rsquo;importance du <a href=\"https:\/\/journaldesseniors.20minutes.fr\/sante\/quel-age-realiser-premiere-mammographie-cancer-sein\/\" target=\"_blank\" rel=\"noopener\">d\u00e9pistage pr\u00e9coce<\/a>, de la surveillance des grains de beaut\u00e9 et des gestes protecteurs face au soleil. D&rsquo;autres pistes, comme les th\u00e9rapies cibl\u00e9es ou les nouvelles approches en g\u00e9n\u00e9tique, sont \u00e0 suivre de pr\u00e8s. Restez inform\u00e9s, questionnez votre m\u00e9decin lors de vos bilans et surveillez les actualit\u00e9s : la sant\u00e9 n&rsquo;attend pas !<\/p>\n<p>Voir na\u00eetre un vaccin contre le m\u00e9lanome, c&rsquo;est ouvrir la voie \u00e0 une m\u00e9decine toujours plus pr\u00e9ventive, personnalis\u00e9e et humaine. Pour chacun d&rsquo;entre nous, c&rsquo;est l&rsquo;invitation \u00e0 repenser notre rapport au soleil, \u00e0 la vigilance, et \u00e0 l&rsquo;espoir : et si, demain, le cancer de la peau n&rsquo;\u00e9tait plus une fatalit\u00e9 ?<\/p>\n","protected":false},"excerpt":{"rendered":"Il arrive parfois que la science laisse esp\u00e9rer ce que la m\u00e9decine n&rsquo;osait plus promettre. Sur nos plages&hellip;\n","protected":false},"author":2,"featured_media":367827,"comment_status":"","ping_status":"","sticky":false,"template":"","format":"standard","meta":{"footnotes":""},"categories":[10],"tags":[1011,27,72,56,71],"class_list":{"0":"post-367826","1":"post","2":"type-post","3":"status-publish","4":"format-standard","5":"has-post-thumbnail","7":"category-sante","8":"tag-fr","9":"tag-france","10":"tag-health","11":"tag-push","12":"tag-sante"},"share_on_mastodon":{"url":"https:\/\/pubeurope.com\/@fr\/115151009468385466","error":""},"_links":{"self":[{"href":"https:\/\/www.europesays.com\/fr\/wp-json\/wp\/v2\/posts\/367826","targetHints":{"allow":["GET"]}}],"collection":[{"href":"https:\/\/www.europesays.com\/fr\/wp-json\/wp\/v2\/posts"}],"about":[{"href":"https:\/\/www.europesays.com\/fr\/wp-json\/wp\/v2\/types\/post"}],"author":[{"embeddable":true,"href":"https:\/\/www.europesays.com\/fr\/wp-json\/wp\/v2\/users\/2"}],"replies":[{"embeddable":true,"href":"https:\/\/www.europesays.com\/fr\/wp-json\/wp\/v2\/comments?post=367826"}],"version-history":[{"count":0,"href":"https:\/\/www.europesays.com\/fr\/wp-json\/wp\/v2\/posts\/367826\/revisions"}],"wp:featuredmedia":[{"embeddable":true,"href":"https:\/\/www.europesays.com\/fr\/wp-json\/wp\/v2\/media\/367827"}],"wp:attachment":[{"href":"https:\/\/www.europesays.com\/fr\/wp-json\/wp\/v2\/media?parent=367826"}],"wp:term":[{"taxonomy":"category","embeddable":true,"href":"https:\/\/www.europesays.com\/fr\/wp-json\/wp\/v2\/categories?post=367826"},{"taxonomy":"post_tag","embeddable":true,"href":"https:\/\/www.europesays.com\/fr\/wp-json\/wp\/v2\/tags?post=367826"}],"curies":[{"name":"wp","href":"https:\/\/api.w.org\/{rel}","templated":true}]}}