{"id":367829,"date":"2025-09-05T09:36:13","date_gmt":"2025-09-05T09:36:13","guid":{"rendered":"https:\/\/www.europesays.com\/fr\/367829\/"},"modified":"2025-09-05T09:36:13","modified_gmt":"2025-09-05T09:36:13","slug":"un-ex-collaborateur-de-jean-imbert-denonce-a-son-tour-un-climat-de-harcelement-au-travail","status":"publish","type":"post","link":"https:\/\/www.europesays.com\/fr\/367829\/","title":{"rendered":"Un ex-collaborateur de Jean Imbert d\u00e9nonce \u00e0 son tour un climat de harc\u00e8lement au travail"},"content":{"rendered":"<p>        <img decoding=\"async\" loading=\"lazy\" src=\"https:\/\/www.europesays.com\/fr\/wp-content\/uploads\/2025\/09\/65fdac7_upload-1-wtflduiju5ot-gettyimages-2185854672.jpg\"  width=\"728\" height=\"409\" alt=\"Jean Imbert, ici au mois de novembre 2024, \u00e0 Paris.\"\/>  <\/p>\n<p>Stephane Cardinale &#8211; Corbis \/ Corbis via Getty Images<\/p>\n<p>Jean Imbert, ici au mois de novembre 2024, \u00e0 Paris.<\/p>\n<p class=\"asset asset-text\">JUSTICE &#8211; La star de la haute gastronomie de nouveau sur le banc des accus\u00e9s. Dans une enqu\u00eate publi\u00e9e, ce jeudi 4\u00a0septembre, sur le site de <a href=\"https:\/\/www.huffingtonpost.fr\/politique\/article\/marine-tondelier-repond-au-canard-enchaine-a-propos-de-sa-tenue-chez-bfmtv_254346.html\" target=\"_blank\" rel=\"noopener\">BFMTV<\/a>, un ancien collaborateur de <a href=\"https:\/\/www.huffingtonpost.fr\/people\/article\/alexandra-rosenfeld-explique-avoir-recu-d-autres-temoignages-de-femmes-accusant-jean-imbert_254390.html\" target=\"_blank\" rel=\"noopener\">Jean Imbert<\/a> a pris la parole pour d\u00e9noncer une forme de harc\u00e8lement dans les \u00e9tablissements du chef \u00e9toil\u00e9, d\u00e9j\u00e0 vis\u00e9 par une enqu\u00eate pour des <a href=\"https:\/\/www.huffingtonpost.fr\/life\/article\/un-risque-accru-de-feminicides-cet-ete-l-alerte-des-associations-d-aide-aux-victimes_253553.html\" target=\"_blank\" rel=\"noopener\">violences conjugales<\/a> qu\u2019il conteste.<\/p>\n<p class=\"asset asset-text\">\u00ab\u00a0Ce harc\u00e8lement, ce n\u2019\u00e9tait pas juste envers ses compagnes, c\u2019\u00e9tait envers toutes les \u00e9quipes, les serveuses de ses restaurants, envers moi. Il n\u2019avait aucun respect\u00a0\u00bb, raconte ce coll\u00e8gue, qui dit avoir travaill\u00e9 pour l\u2019ancien gagnant de Top Chef entre 2013 et 2015.<\/p>\n<p class=\"asset asset-text\">Pr\u00e9nomm\u00e9 Florian pour pr\u00e9server son anonymat dans l\u2019enqu\u00eate de <a href=\"https:\/\/www.bfmtv.com\/police-justice\/document-bfmtv-travailler-avec-lui-c-etait-vivre-dans-un-climat-de-peur-un-ancien-proche-collaborateur-de-jean-imbert-temoigne_AN-202509040938.html\" target=\"_blank\" rel=\"noopener\" title=\"Nouvelle fen\u00eatre\">BFMTV<\/a>, celui-ci poursuit\u00a0: \u00ab\u00a0Travailler avec lui, \u00e7a m\u2019a fait perdre confiance en moi. J\u2019arrivais au travail avec une boule au ventre, je ne dormais plus, j\u2019\u00e9tais \u00e9puis\u00e9 physiquement et moralement. Il agissait avec moi comme il agissait avec ses compagnes, c\u2019\u00e9tait de la pression psychologique.\u00a0\u00bb<\/p>\n<p>    \u00ab\u00a0Le chef des stars\u00a0\u00bb    <\/p>\n<p class=\"asset asset-text\">Surnomm\u00e9 \u00ab\u00a0le chef des stars\u00a0\u00bb, celui qui a servi Dua Lipa, Beyonc\u00e9 ou Kylian Mbapp\u00e9 est vis\u00e9 par une enqu\u00eate pour violences conjugales ouverte par le parquet de Versailles \u00e0 la suite de la plainte d\u00e9pos\u00e9e le 30\u00a0ao\u00fbt par une de ses ex-compagnes, l\u2019ancienne actrice Lila Salet.<\/p>\n<p class=\"asset asset-text\">Une plainte d\u00e9pos\u00e9e \u00e0 la suite de son t\u00e9moignage au mois d\u2019avril au magazine ELLE aux c\u00f4t\u00e9s de trois autres partenaires accusant elles aussi Jean Imbert de violences physiques et psychologiques, dont la miss France 2006 Alexandra Rosenfeld.<\/p>\n<p class=\"asset asset-text\">Apr\u00e8s avoir t\u00e9moign\u00e9 \u00e0 visage d\u00e9couvert sur les r\u00e9seaux sociaux, cette derni\u00e8re s\u2019est r\u00e9cemment exprim\u00e9e sur le plateau de Quotidien, o\u00f9 elle a parl\u00e9 de \u00ab\u00a0l\u2019emprise insidieuse\u00a0\u00bb, des moqueries et d\u2019un coup de t\u00eate dont elle aurait \u00e9t\u00e9 victime. Depuis, elle assure avoir \u00e9t\u00e9 contact\u00e9e par d\u2019autres femmes pour des accusations similaires.<\/p>\n<p>    Jean Imbert se met en retrait    <\/p>\n<p class=\"asset asset-text\">\u00ab\u00a0Il m\u2019est arriv\u00e9 d\u2019aller chez lui et de voir une fois Alexandra (Rosenfeld, ndlr) enferm\u00e9e dans la salle de bains. Lui, \u00e9tait dans un \u00e9tat de col\u00e8re pas possible. J\u2019ai alors constat\u00e9 un trou dans la porte de la salle de bains, la marque d\u2019un coup de poing\u00a0\u00bb, raconte Florian, toujours chez BFMTV.<\/p>\n<p class=\"asset asset-text\">S\u2019il dit avoir trouv\u00e9 un accord avec Jean Imbert pour mettre fin \u00e0 leur collaboration en 2015, un autre collaborateur du chef, qui travaillait pour lui depuis 2013, a tenu \u00e0 nuancer la situation, expliquant pour sa part \u00e0 la cha\u00eene d\u2019info ne pas avoir constat\u00e9 de \u00ab\u00a0climat n\u00e9faste\u00a0\u00bb sur leur lieu de travail.<\/p>\n<p class=\"asset asset-text\">\u00c0 la suite de l\u2019ouverture de l\u2019enqu\u00eate, Jean Imbert a quant \u00e0 lui annonc\u00e9 se mettre en retrait \u00ab\u00a0le temps que la justice fasse son travail\u00a0\u00bb de ses \u00e9tablissements, dont le Plaza Ath\u00e9n\u00e9e dont il a pris les commandes en 2021. \u00ab\u00a0Je ne m\u2019exprimerai pas ici sur ce qui a \u00e9t\u00e9 dit ces derniers mois parce qu\u2019on ne peut ni se d\u00e9fendre ni prendre la parole dignement dans le bruit m\u00e9diatique\u00a0\u00bb, a d\u00e9clar\u00e9 le chef de 44\u00a0ans.<\/p>\n","protected":false},"excerpt":{"rendered":"Stephane Cardinale &#8211; Corbis \/ Corbis via Getty Images Jean Imbert, ici au mois de novembre 2024, \u00e0&hellip;\n","protected":false},"author":2,"featured_media":367830,"comment_status":"","ping_status":"","sticky":false,"template":"","format":"standard","meta":{"footnotes":""},"categories":[8],"tags":[58,59,1011,27,3668,13518,303],"class_list":{"0":"post-367829","1":"post","2":"type-post","3":"status-publish","4":"format-standard","5":"has-post-thumbnail","7":"category-divertissement","8":"tag-divertissement","9":"tag-entertainment","10":"tag-fr","11":"tag-france","12":"tag-harcelement","13":"tag-jean-imbert","14":"tag-justice"},"share_on_mastodon":{"url":"https:\/\/pubeurope.com\/@fr\/115151017762450296","error":""},"_links":{"self":[{"href":"https:\/\/www.europesays.com\/fr\/wp-json\/wp\/v2\/posts\/367829","targetHints":{"allow":["GET"]}}],"collection":[{"href":"https:\/\/www.europesays.com\/fr\/wp-json\/wp\/v2\/posts"}],"about":[{"href":"https:\/\/www.europesays.com\/fr\/wp-json\/wp\/v2\/types\/post"}],"author":[{"embeddable":true,"href":"https:\/\/www.europesays.com\/fr\/wp-json\/wp\/v2\/users\/2"}],"replies":[{"embeddable":true,"href":"https:\/\/www.europesays.com\/fr\/wp-json\/wp\/v2\/comments?post=367829"}],"version-history":[{"count":0,"href":"https:\/\/www.europesays.com\/fr\/wp-json\/wp\/v2\/posts\/367829\/revisions"}],"wp:featuredmedia":[{"embeddable":true,"href":"https:\/\/www.europesays.com\/fr\/wp-json\/wp\/v2\/media\/367830"}],"wp:attachment":[{"href":"https:\/\/www.europesays.com\/fr\/wp-json\/wp\/v2\/media?parent=367829"}],"wp:term":[{"taxonomy":"category","embeddable":true,"href":"https:\/\/www.europesays.com\/fr\/wp-json\/wp\/v2\/categories?post=367829"},{"taxonomy":"post_tag","embeddable":true,"href":"https:\/\/www.europesays.com\/fr\/wp-json\/wp\/v2\/tags?post=367829"}],"curies":[{"name":"wp","href":"https:\/\/api.w.org\/{rel}","templated":true}]}}