{"id":367835,"date":"2025-09-05T09:39:15","date_gmt":"2025-09-05T09:39:15","guid":{"rendered":"https:\/\/www.europesays.com\/fr\/367835\/"},"modified":"2025-09-05T09:39:15","modified_gmt":"2025-09-05T09:39:15","slug":"defense-les-etats-unis-vont-arreter-leur-aide-financiere-militaire-aux-pays-deurope-de-lest-selon-des-informations-de-presse-05-09-2025-a-0852","status":"publish","type":"post","link":"https:\/\/www.europesays.com\/fr\/367835\/","title":{"rendered":"D\u00e9fense : les \u00c9tats-Unis vont arr\u00eater leur aide financi\u00e8re militaire aux pays d&rsquo;Europe de l&rsquo;Est, selon des informations de presse &#8211; 05\/09\/2025 \u00e0 08:52"},"content":{"rendered":"<p> La mesure a \u00e9t\u00e9 \u00ab\u00a0coordonn\u00e9e avec les pays europ\u00e9ens\u00a0\u00bb, selon un responsable de la Maison Blanche.<\/p>\n<p>        <img fetchpriority=\"high\" decoding=\"async\" src=\"https:\/\/www.europesays.com\/fr\/wp-content\/uploads\/2025\/09\/86a7f385477e1890f2c100d870ca5220-760x507.jpg\" alt=\"Donald Trump \u00e0 Washington, aux \u00c9tats-Unis, le 3 septembre 2025. ( GETTY IMAGES NORTH AMERICA \/ ALEX WONG )\" loading=\"eager\" width=\"760\" height=\"507\" style=\"max-width: 100%!important; height: auto;\"\/><\/p>\n<p class=\"c-image-news__legend\">Donald Trump \u00e0 Washington, aux \u00c9tats-Unis, le 3 septembre 2025. ( GETTY IMAGES NORTH AMERICA \/ ALEX WONG )<\/p>\n<p>\n Les \u00c9tats-Unis vont mettre fin au financement de son aide militaire aux pays europ\u00e9ens g\u00e9ographiquement proches de la Russie, alors que Donald Trump fait pression sur le Vieux continent pour qu&rsquo;il prenne en main sa propre d\u00e9fense, a rapport\u00e9 la presse jeudi 4 septembre.\n<\/p>\n<p>\n Des responsables am\u00e9ricains ont inform\u00e9 la semaine derni\u00e8re des diplomates europ\u00e9ens de la d\u00e9cision de<br \/>\n <strong><br \/>\n  mettre fin au financement par les \u00c9tats-Unis de programmes de formation et d&rsquo;\u00e9quipement des arm\u00e9es de pays d&rsquo;Europe de l&rsquo;Est<br \/>\n <\/strong><br \/>\n , a rapport\u00e9 le<\/p>\n<p>  Financial Times<\/p>\n<p> . Selon le<\/p>\n<p>  Washington Post<\/p>\n<p> , cette aide s&rsquo;\u00e9l\u00e8verait \u00e0 plusieurs centaines de millions de dollars.\n<\/p>\n<p> Rapprochement avec Vladimir Poutine<\/p>\n<p>\n Un responsable travaillant pour la Maison Blanche n&rsquo;a pas confirm\u00e9 les d\u00e9tails de cette d\u00e9cision. Il a n\u00e9anmoins d\u00e9clar\u00e9 que la mesure avait \u00e9t\u00e9<br \/>\n <strong><br \/>\n  \u00ab\u00a0coordonn\u00e9e avec les pays europ\u00e9ens\u00a0\u00bb<br \/>\n <\/strong><br \/>\n , conform\u00e9ment \u00e0 un d\u00e9cret sign\u00e9 en janvier par Donald Trump sur la r\u00e9\u00e9valuation de l&rsquo;aide \u00e9trang\u00e8re am\u00e9ricaine.\n<\/p>\n<p>\n Le pr\u00e9sident am\u00e9ricain s&rsquo;est rapproch\u00e9 depuis janvier de son homologue russe Vladimir Poutine, mettant la pression pour obtenir un arr\u00eat des combats en Ukraine, sans toutefois parvenir \u00e0 des progr\u00e8s concrets.\n<\/p>\n<p>\n D\u00e9but juillet, de fa\u00e7on inattendue, son gouvernement a annonc\u00e9 avoir cess\u00e9 de fournir certaines armes \u00e0 Kiev, officiellement en raison d&rsquo;une inqui\u00e9tude quant \u00e0 la baisse des stocks de munitions am\u00e9ricains. Il avait d\u00e9j\u00e0, quatre mois plus t\u00f4t, ordonn\u00e9 une \u00ab\u00a0pause\u00a0\u00bb dans l&rsquo;aide militaire des \u00c9tats-Unis \u00e0 l&rsquo;Ukraine en guerre contre la Russie.<\/p>\n","protected":false},"excerpt":{"rendered":"La mesure a \u00e9t\u00e9 \u00ab\u00a0coordonn\u00e9e avec les pays europ\u00e9ens\u00a0\u00bb, selon un responsable de la Maison Blanche. Donald Trump&hellip;\n","protected":false},"author":2,"featured_media":367836,"comment_status":"","ping_status":"","sticky":false,"template":"","format":"standard","meta":{"footnotes":""},"categories":[5],"tags":[400,11,398,408,405,1011,27,403,14,402,399,404,12,401,406,407,28],"class_list":{"0":"post-367835","1":"post","2":"type-post","3":"status-publish","4":"format-standard","5":"has-post-thumbnail","7":"category-international","8":"tag-action-cac-40","9":"tag-actualites","10":"tag-bourse-de-paris","11":"tag-boursorama","12":"tag-cotations","13":"tag-fr","14":"tag-france","15":"tag-indices-devises","16":"tag-international","17":"tag-investir","18":"tag-investissement","19":"tag-marche-boursier","20":"tag-news","21":"tag-sicav","22":"tag-trackers","23":"tag-warrants","24":"tag-world"},"share_on_mastodon":{"url":"https:\/\/pubeurope.com\/@fr\/115151029499025436","error":""},"_links":{"self":[{"href":"https:\/\/www.europesays.com\/fr\/wp-json\/wp\/v2\/posts\/367835","targetHints":{"allow":["GET"]}}],"collection":[{"href":"https:\/\/www.europesays.com\/fr\/wp-json\/wp\/v2\/posts"}],"about":[{"href":"https:\/\/www.europesays.com\/fr\/wp-json\/wp\/v2\/types\/post"}],"author":[{"embeddable":true,"href":"https:\/\/www.europesays.com\/fr\/wp-json\/wp\/v2\/users\/2"}],"replies":[{"embeddable":true,"href":"https:\/\/www.europesays.com\/fr\/wp-json\/wp\/v2\/comments?post=367835"}],"version-history":[{"count":0,"href":"https:\/\/www.europesays.com\/fr\/wp-json\/wp\/v2\/posts\/367835\/revisions"}],"wp:featuredmedia":[{"embeddable":true,"href":"https:\/\/www.europesays.com\/fr\/wp-json\/wp\/v2\/media\/367836"}],"wp:attachment":[{"href":"https:\/\/www.europesays.com\/fr\/wp-json\/wp\/v2\/media?parent=367835"}],"wp:term":[{"taxonomy":"category","embeddable":true,"href":"https:\/\/www.europesays.com\/fr\/wp-json\/wp\/v2\/categories?post=367835"},{"taxonomy":"post_tag","embeddable":true,"href":"https:\/\/www.europesays.com\/fr\/wp-json\/wp\/v2\/tags?post=367835"}],"curies":[{"name":"wp","href":"https:\/\/api.w.org\/{rel}","templated":true}]}}