{"id":367839,"date":"2025-09-05T09:41:11","date_gmt":"2025-09-05T09:41:11","guid":{"rendered":"https:\/\/www.europesays.com\/fr\/367839\/"},"modified":"2025-09-05T09:41:11","modified_gmt":"2025-09-05T09:41:11","slug":"les-organisateurs-font-leur-mea-culpa-et-regrettent-une-grave-erreur","status":"publish","type":"post","link":"https:\/\/www.europesays.com\/fr\/367839\/","title":{"rendered":"les organisateurs font leur mea culpa et regrettent une \u00abgrave erreur\u00bb"},"content":{"rendered":"<p>Environ 2500 f\u00eatards, selon la pr\u00e9fecture de l\u2019Aude, se sont rassembl\u00e9s sur des terrains agricoles, au milieu d\u2019une v\u00e9g\u00e9tation calcin\u00e9e par l\u2019incendie qui a parcouru 16.000 hectares dans le massif des Corbi\u00e8res du 5 au 10 ao\u00fbt.<\/p>\n<p class=\"fig-paragraph\">Les organisateurs de la\u00a0<a href=\"http:\/\/www.lefigaro.fr\/actualite-france\/ce-ne-sont-qu-une-horde-de-sauvages-la-colere-des-riverains-apres-la-rave-party-dans-l-aude-20250902\" target=\"_blank\" data-fig-type=\"Article\" rel=\"noopener nofollow\" data-gtm-custom-categorie=\"navigation\" data-gtm-custom-action=\"crossclick\" data-gtm-custom-label=\"Contextuel\" data-gtm-event=\"customEventSPE\" data-fig-domain=\"LEFIGARO\">rave party dans les cendres de l&rsquo;incendie qui a ravag\u00e9 l&rsquo;Aude<\/a>\u00a0d\u00e9but ao\u00fbt, ont pr\u00e9sent\u00e9 jeudi 4 septembre leurs excuses aux habitants des villages des Corbi\u00e8res, scandalis\u00e9s par la tenue de cette f\u00eate.<\/p>\n<p class=\"fig-paragraph\">\u00abNous sommes profond\u00e9ment d\u00e9sol\u00e9s d&rsquo;avoir bless\u00e9 les sentiments des personnes et des communaut\u00e9s touch\u00e9es par l&rsquo;incendie. Il n&rsquo;y a aucune excuse possible\u00a0: nous avons \u00e9t\u00e9 inconscients de l&rsquo;impact que nous pouvions &#8211; et que nous avons effectivement &#8211; caus\u00e9\u00bb, dit le texte \u00e0 en-t\u00eate des collectifs \u00e0 l&rsquo;origine de la rave \u00abFrom dusk tildawn 2025\u00bb, qui s&rsquo;est d\u00e9roul\u00e9e de vendredi \u00e0 mardi pr\u00e8s du village de Fontjoncouse.<\/p>\n<p>                                    <a class=\"fig-a11y-skip a11y-hidden\" href=\"#fig-a11y-skip-main-inarticle\"><br \/>\n        Passer la publicit\u00e9<br \/>\n    <\/a><\/p>\n<p>2500 f\u00eatards<\/p>\n<p class=\"fig-paragraph\">Environ 2500 f\u00eatards, selon l&rsquo;estimation de la pr\u00e9fecture de l&rsquo;Aude, se sont rassembl\u00e9s sur des terrains agricoles, au milieu d&rsquo;une v\u00e9g\u00e9tation calcin\u00e9e par l&rsquo;incendie qui a parcouru 16.000 hectares dans le massif des Corbi\u00e8res du 5 au 10 ao\u00fbt. Le plus gros feu r\u00e9pertori\u00e9 depuis un demi-si\u00e8cle sur le pourtour m\u00e9diterran\u00e9en a d\u00e9truit une trentaine de maisons, caus\u00e9 des d\u00e9g\u00e2ts aux exploitations viticoles et tu\u00e9 une dame \u00e2g\u00e9e.<\/p>\n<p class=\"fig-paragraph\">Dans un communiqu\u00e9 post\u00e9 sur X, les collectifs reconnaissent avoir commis \u00abune grave erreur en choisissant un lieu r\u00e9cemment br\u00fbl\u00e9. Car m\u00eame si nous pensions, \u00e0 tort, qu&rsquo;un endroit d\u00e9j\u00e0 endommag\u00e9 causerait moins de pr\u00e9judice, nous avons provoqu\u00e9 exactement l&rsquo;inverse\u00bb.<\/p>\n<p>Heurts<\/p>\n<p class=\"fig-paragraph\">Au sujet des heurts ayant oppos\u00e9 participants \u00e0 la f\u00eate et villageois cherchant \u00e0 les d\u00e9loger, ils ont d\u00e9nonc\u00e9 \u00abla violence qui s&rsquo;est produite pendant la f\u00eate &#8211; avec des agriculteurs venus avec leurs tracteurs, d\u00e9truisant des voitures, nous lan\u00e7ant des pierres, incendiant des camions\u00bb.<\/p>\n<p class=\"fig-paragraph\">Mardi en fin de journ\u00e9e, les derniers participants \u00e0 la f\u00eate ont \u00e9vacu\u00e9, sous la surveillance des forces de l&rsquo;ordre qui leur ont dress\u00e9 1500 contraventions, la zone \u00e9tant interdite d&rsquo;acc\u00e8s, du fait d&rsquo;un arr\u00eat\u00e9 pr\u00e9fectoral.<\/p>\n","protected":false},"excerpt":{"rendered":"Environ 2500 f\u00eatards, selon la pr\u00e9fecture de l\u2019Aude, se sont rassembl\u00e9s sur des terrains agricoles, au milieu d\u2019une&hellip;\n","protected":false},"author":2,"featured_media":367840,"comment_status":"","ping_status":"","sticky":false,"template":"","format":"standard","meta":{"footnotes":""},"categories":[2],"tags":[11,4086,1011,27,12,7746],"class_list":{"0":"post-367839","1":"post","2":"type-post","3":"status-publish","4":"format-standard","5":"has-post-thumbnail","7":"category-actualites","8":"tag-actualites","9":"tag-aude","10":"tag-fr","11":"tag-france","12":"tag-news","13":"tag-rave-party"},"share_on_mastodon":{"url":"https:\/\/pubeurope.com\/@fr\/115151036989679787","error":""},"_links":{"self":[{"href":"https:\/\/www.europesays.com\/fr\/wp-json\/wp\/v2\/posts\/367839","targetHints":{"allow":["GET"]}}],"collection":[{"href":"https:\/\/www.europesays.com\/fr\/wp-json\/wp\/v2\/posts"}],"about":[{"href":"https:\/\/www.europesays.com\/fr\/wp-json\/wp\/v2\/types\/post"}],"author":[{"embeddable":true,"href":"https:\/\/www.europesays.com\/fr\/wp-json\/wp\/v2\/users\/2"}],"replies":[{"embeddable":true,"href":"https:\/\/www.europesays.com\/fr\/wp-json\/wp\/v2\/comments?post=367839"}],"version-history":[{"count":0,"href":"https:\/\/www.europesays.com\/fr\/wp-json\/wp\/v2\/posts\/367839\/revisions"}],"wp:featuredmedia":[{"embeddable":true,"href":"https:\/\/www.europesays.com\/fr\/wp-json\/wp\/v2\/media\/367840"}],"wp:attachment":[{"href":"https:\/\/www.europesays.com\/fr\/wp-json\/wp\/v2\/media?parent=367839"}],"wp:term":[{"taxonomy":"category","embeddable":true,"href":"https:\/\/www.europesays.com\/fr\/wp-json\/wp\/v2\/categories?post=367839"},{"taxonomy":"post_tag","embeddable":true,"href":"https:\/\/www.europesays.com\/fr\/wp-json\/wp\/v2\/tags?post=367839"}],"curies":[{"name":"wp","href":"https:\/\/api.w.org\/{rel}","templated":true}]}}