{"id":367841,"date":"2025-09-05T09:42:09","date_gmt":"2025-09-05T09:42:09","guid":{"rendered":"https:\/\/www.europesays.com\/fr\/367841\/"},"modified":"2025-09-05T09:42:09","modified_gmt":"2025-09-05T09:42:09","slug":"saint-juery-af-events-prepare-un-voyage-caritatif-a-bali","status":"publish","type":"post","link":"https:\/\/www.europesays.com\/fr\/367841\/","title":{"rendered":"Saint-Ju\u00e9ry\u00a0: AF Event\u2019s pr\u00e9pare un voyage caritatif \u00e0 Bali"},"content":{"rendered":"<p>\n                                                                    l&rsquo;essentiel<br \/>\n                                                                Depuis six ans, l\u2019association AF Event\u2019s anime la vie locale avec ses \u00e9v\u00e9nements phares dont le salon du mariage d\u2019Albi. Aujourd\u2019hui, elle s\u2019appr\u00eate \u00e0 relever un d\u00e9fi d\u2019une tout autre envergure, un voyage caritatif en Indon\u00e9sie \u00e0 Bali du 18\u00a0octobre au 1er\u00a0novembre.\n                            <\/p>\n<p>Le couple organisateur, Franck et Audrey Galini\u00e9, avait effectu\u00e9 leur voyage de noces en 2017 \u00e0 Bali, ils avaient visit\u00e9 une \u00e9cole et constat\u00e9 le manque de fourniture scolaire pour les enfants. L\u2019association AF Event\u2019s a toujours plac\u00e9 la solidarit\u00e9 au c\u0153ur de ses actions avec un march\u00e9 de No\u00ebl en collaboration avec l\u2019association des Chaudoudoux.<\/p>\n<p>Ses membres pr\u00e9parent d\u00e9sormais le projet d\u2019Indon\u00e9sie. Accompagn\u00e9e par l\u2019agence Mimpigo, sp\u00e9cialis\u00e9e dans les s\u00e9jours solidaires et \u00e9co- responsables, l\u2019\u00e9quipe d\u2019AF Event\u2019s partira \u00e0 Bali afin d\u2019apporter un soutien concret aux enfants de plusieurs \u00e9coles et orphelinats situ\u00e9s dans des zones recul\u00e9es de l\u2019\u00eele.<\/p>\n<p>\u00ab\u00a0Nous apporterons du mat\u00e9riel scolaire, des produits d\u2019hygi\u00e8ne, de secours et de premi\u00e8re n\u00e9cessit\u00e9 pour am\u00e9liorer le quotidien des enfants\u00a0\u00bb explique Franck Galini\u00e9, pr\u00e9sident de l\u2019association. \u00ab\u00a0Un grand merci \u00e0 nos partenaires pour les produits d\u2019hygi\u00e8ne, de secours et de premi\u00e8re n\u00e9cessit\u00e9 provenant des pharmacies Rul et des Forges\u00a0\u00bb.<\/p>\n<p>Pour mener \u00e0 bien ce projet, l\u2019association lance un appel \u00e0 la g\u00e9n\u00e9rosit\u00e9. Les habitants peuvent d\u00e9poser du mat\u00e9riel scolaire neuf, stylos, crayons, feutres, r\u00e8gles, ciseaux, compas, colle directement au magasin de photo, 23 avenue Germain T\u00e9qui \u00e0 Saint-Ju\u00e9ry, du lundi au vendredi de 8\u00a0h\u00a030 \u00e0 12\u00a0heures.<\/p>\n<p>Les produits lourds ou fragiles comme les cahiers ne pourront pas \u00eatre accept\u00e9s, car ils sont limit\u00e9s en poids environ 50\u00a0kg autoris\u00e9s.\u00a0Chaque contribution, m\u00eame modeste, aidera \u00e0 am\u00e9liorer le quotidien des enfants que le couple rencontrera. Au-del\u00e0 de ce voyage caritatif, AF Event\u2019s poursuit son activit\u00e9 \u00e9v\u00e9nementielle, avec le\u00a0salon du mariage, les\u00a06 et 7\u00a0d\u00e9cembre au parc des expositions d\u2019Albi, en partenariat avec Albi Expos. Il reste encore quelques stands disponibles pour les prestataires de l\u2019\u00e9v\u00e9nementiel qui souhaitent participer.<br \/>Infos\u00a0: www.salon-mariage-albi.com.<\/p>\n","protected":false},"excerpt":{"rendered":"l&rsquo;essentiel Depuis six ans, l\u2019association AF Event\u2019s anime la vie locale avec ses \u00e9v\u00e9nements phares dont le salon&hellip;\n","protected":false},"author":2,"featured_media":367842,"comment_status":"","ping_status":"","sticky":false,"template":"","format":"standard","meta":{"footnotes":""},"categories":[9653],"tags":[1111,11,2430,1777,674,1011,27,12,25,4001],"class_list":{"0":"post-367841","1":"post","2":"type-post","3":"status-publish","4":"format-standard","5":"has-post-thumbnail","7":"category-saint-etienne","8":"tag-actu","9":"tag-actualites","10":"tag-auvergne-rhone-alpes","11":"tag-eu","12":"tag-europe","13":"tag-fr","14":"tag-france","15":"tag-news","16":"tag-republique-francaise","17":"tag-saint-etienne"},"share_on_mastodon":{"url":"https:\/\/pubeurope.com\/@fr\/115151041018259184","error":""},"_links":{"self":[{"href":"https:\/\/www.europesays.com\/fr\/wp-json\/wp\/v2\/posts\/367841","targetHints":{"allow":["GET"]}}],"collection":[{"href":"https:\/\/www.europesays.com\/fr\/wp-json\/wp\/v2\/posts"}],"about":[{"href":"https:\/\/www.europesays.com\/fr\/wp-json\/wp\/v2\/types\/post"}],"author":[{"embeddable":true,"href":"https:\/\/www.europesays.com\/fr\/wp-json\/wp\/v2\/users\/2"}],"replies":[{"embeddable":true,"href":"https:\/\/www.europesays.com\/fr\/wp-json\/wp\/v2\/comments?post=367841"}],"version-history":[{"count":0,"href":"https:\/\/www.europesays.com\/fr\/wp-json\/wp\/v2\/posts\/367841\/revisions"}],"wp:featuredmedia":[{"embeddable":true,"href":"https:\/\/www.europesays.com\/fr\/wp-json\/wp\/v2\/media\/367842"}],"wp:attachment":[{"href":"https:\/\/www.europesays.com\/fr\/wp-json\/wp\/v2\/media?parent=367841"}],"wp:term":[{"taxonomy":"category","embeddable":true,"href":"https:\/\/www.europesays.com\/fr\/wp-json\/wp\/v2\/categories?post=367841"},{"taxonomy":"post_tag","embeddable":true,"href":"https:\/\/www.europesays.com\/fr\/wp-json\/wp\/v2\/tags?post=367841"}],"curies":[{"name":"wp","href":"https:\/\/api.w.org\/{rel}","templated":true}]}}