{"id":367843,"date":"2025-09-05T09:43:10","date_gmt":"2025-09-05T09:43:10","guid":{"rendered":"https:\/\/www.europesays.com\/fr\/367843\/"},"modified":"2025-09-05T09:43:10","modified_gmt":"2025-09-05T09:43:10","slug":"harcelement-sexiste-lex-president-de-las-saint-etienne-vise-par-une-enquete","status":"publish","type":"post","link":"https:\/\/www.europesays.com\/fr\/367843\/","title":{"rendered":"Harc\u00e8lement sexiste\u00a0: l\u2019ex-pr\u00e9sident de l\u2019AS Saint-Etienne vis\u00e9 par une enqu\u00eate"},"content":{"rendered":"<p>C\u2019est une affaire qui pourrait secouer<a href=\"https:\/\/www.humanite.fr\/sports\/stades-mythiques\/stades-mythiques-7-le-chaudron-stephanois-antre-de-la-memoire-ouvriere-761841\" target=\"_blank\" rel=\"noopener\"> le club aux dix titres de champions de France<\/a>. Une enqu\u00eate pour \u00ab<a href=\"https:\/\/www.humanite.fr\/politique\/harcelement\/sabrina-sebaihi-il-faut-briser-lomerta-dans-le-sport\" target=\"_blank\" rel=\"noopener\">\u00a0harc\u00e8lement et outrages sexistes<\/a>, aggrav\u00e9s par le lien hi\u00e9rarchique ou la minorit\u00e9\u00a0\u00bb a \u00e9t\u00e9 ouverte cet \u00e9t\u00e9 apr\u00e8s une plainte contre l\u2019ancien pr\u00e9sident de l\u2019AS Saint-Etienne (L2), Roland Romeyer, qui a quitt\u00e9 l\u2019an dernier la pr\u00e9sidence du club. Le procureure de Saint-Etienne l\u2019a officialis\u00e9 aupr\u00e8s de l\u2019Agence France-Presse (AFP), jeudi 4\u00a0septembre, confirmant une information du quotidien r\u00e9gional le Progr\u00e8s.<\/p>\n<p>Si le quotidien r\u00e9gional a fait \u00e9tat de \u00ab\u00a0deux plaintes avec constitution de partie civile\u00a0\u00bb et de \u00ab\u00a0t\u00e9moignages anonymes recueillis par les forces de l\u2019ordre\u00a0\u00bb, magistrate pr\u00e9cise n\u2019avoir \u00ab\u00a0\u00e0 ce stade \u00e9t\u00e9 saisie que d\u2019une seule plainte\u00a0\u00bb \u00e0 l\u2019encontre de Roland Romeyer, \u00e2g\u00e9 de 80\u00a0ans, qui a vendu l\u2019an dernier au canadien Kilmer Sports Ventures le club qu\u2019il pr\u00e9sidait et dont il \u00e9tait co-actionnaire avec Bernard Ca\u00efazzo depuis une vingtaine d\u2019ann\u00e9es.<\/p>\n<p>\u00ab\u00a0Signalement d\u2019autres cas de faits graves \u00e0 caract\u00e8re sexuel\u00a0\u00bb<\/p>\n<p>Aupr\u00e8s du Progr\u00e8s, l\u2019int\u00e9ress\u00e9 affirme \u00ab\u00a0tombe (r) des nues\u00a0\u00bb\u00a0: \u00ab\u00a0Il a donc fallu attendre mon d\u00e9part de l\u2019ASSE pour me voir subitement reprocher, sur la place publique qui plus est, un comportement pr\u00e9tendument r\u00e9pr\u00e9hensible\u00a0\u00bb, argue-t-il, semblant oublier la <a href=\"https:\/\/www.humanite.fr\/sports\/violences-sexuelles\/violences-sexuelles-dans-le-sport-trop-de-victimes-se-taisent-car-elles-ont-peur-de-represailles-791349\" target=\"_blank\" rel=\"noopener\">dimension hi\u00e9rarchique qui entrave bien souvent les t\u00e9moignages<\/a>.<\/p>\n<p>Selon une source proche du dossier, cit\u00e9e par l\u2019AFP, l\u2019actuelle direction de l\u2019AS Saint-Etienne \u00ab\u00a0a command\u00e9 en d\u00e9but d\u2019ann\u00e9e une enqu\u00eate interne\u00a0\u00bb \u00e0 la suite \u00ab\u00a0de signalements effectu\u00e9s par des salari\u00e9es sur des faits ant\u00e9rieurs \u00e0 la vente du club\u00a0\u00bb. \u00ab\u00a0Le rapport d\u2019enqu\u00eate, qui a \u00e9t\u00e9 transmis \u00e0 la justice, a mis au jour le signalement d\u2019autres cas de faits graves \u00e0 caract\u00e8re sexuel, susceptibles de poursuites p\u00e9nales\u00a0\u00bb, a-t-elle pr\u00e9cis\u00e9.<\/p>\n<p>Pour le reste, la direction du club reste prudente indiquant qu\u2019elle \u00ab\u00a0condamne toute forme de violence et de comportement inappropri\u00e9, tant sur le terrain qu\u2019en dehors\u00a0\u00bb et qu\u2019elle \u00ab\u00a0ne souhaite pas faire de commentaire sur cette affaire d\u00e9licate\u00a0\u00bb.<\/p>\n<p>Avant de partir, une derni\u00e8re chose\u2026<\/p>\n<p>Contrairement \u00e0 90% des m\u00e9dias fran\u00e7ais aujourd\u2019hui, <strong>l\u2019Humanit\u00e9 ne d\u00e9pend ni de grands groupes ni de milliardaires<\/strong>. Cela signifie que : <\/p>\n<ul class=\"wp-block-list\">\n<li>nous vous apportons des informations impartiales, sans compromis. Mais aussi que <\/li>\n<li>nous n\u2019avons pas les moyens financiers dont b\u00e9n\u00e9ficient les autres m\u00e9dias.<\/li>\n<\/ul>\n<p><strong>L\u2019information ind\u00e9pendante et de qualit\u00e9 a un co\u00fbt<\/strong>. Payez-le.<br \/><a href=\"https:\/\/stage.preprod.humanite.fr\/lhumanite-cest-vous\" data-type=\"link\" data-id=\"https:\/\/stage.preprod.humanite.fr\/lhumanite-cest-vous\" target=\"_blank\" rel=\"noopener\">Je veux en savoir plus<\/a><\/p>\n","protected":false},"excerpt":{"rendered":"C\u2019est une affaire qui pourrait secouer le club aux dix titres de champions de France. Une enqu\u00eate pour&hellip;\n","protected":false},"author":2,"featured_media":367844,"comment_status":"","ping_status":"","sticky":false,"template":"","format":"standard","meta":{"footnotes":""},"categories":[9653],"tags":[1111,11,2430,1777,674,63,1011,27,12,25,4001,11920,29939],"class_list":{"0":"post-367843","1":"post","2":"type-post","3":"status-publish","4":"format-standard","5":"has-post-thumbnail","7":"category-saint-etienne","8":"tag-actu","9":"tag-actualites","10":"tag-auvergne-rhone-alpes","11":"tag-eu","12":"tag-europe","13":"tag-football","14":"tag-fr","15":"tag-france","16":"tag-news","17":"tag-republique-francaise","18":"tag-saint-etienne","19":"tag-saint-u00e9tienne","20":"tag-vss-violences-sexistes-et-sexuelles"},"share_on_mastodon":{"url":"https:\/\/pubeurope.com\/@fr\/115151044882456119","error":""},"_links":{"self":[{"href":"https:\/\/www.europesays.com\/fr\/wp-json\/wp\/v2\/posts\/367843","targetHints":{"allow":["GET"]}}],"collection":[{"href":"https:\/\/www.europesays.com\/fr\/wp-json\/wp\/v2\/posts"}],"about":[{"href":"https:\/\/www.europesays.com\/fr\/wp-json\/wp\/v2\/types\/post"}],"author":[{"embeddable":true,"href":"https:\/\/www.europesays.com\/fr\/wp-json\/wp\/v2\/users\/2"}],"replies":[{"embeddable":true,"href":"https:\/\/www.europesays.com\/fr\/wp-json\/wp\/v2\/comments?post=367843"}],"version-history":[{"count":0,"href":"https:\/\/www.europesays.com\/fr\/wp-json\/wp\/v2\/posts\/367843\/revisions"}],"wp:featuredmedia":[{"embeddable":true,"href":"https:\/\/www.europesays.com\/fr\/wp-json\/wp\/v2\/media\/367844"}],"wp:attachment":[{"href":"https:\/\/www.europesays.com\/fr\/wp-json\/wp\/v2\/media?parent=367843"}],"wp:term":[{"taxonomy":"category","embeddable":true,"href":"https:\/\/www.europesays.com\/fr\/wp-json\/wp\/v2\/categories?post=367843"},{"taxonomy":"post_tag","embeddable":true,"href":"https:\/\/www.europesays.com\/fr\/wp-json\/wp\/v2\/tags?post=367843"}],"curies":[{"name":"wp","href":"https:\/\/api.w.org\/{rel}","templated":true}]}}