{"id":367845,"date":"2025-09-05T09:44:09","date_gmt":"2025-09-05T09:44:09","guid":{"rendered":"https:\/\/www.europesays.com\/fr\/367845\/"},"modified":"2025-09-05T09:44:09","modified_gmt":"2025-09-05T09:44:09","slug":"un-marathon-de-lecture-place-dalliance","status":"publish","type":"post","link":"https:\/\/www.europesays.com\/fr\/367845\/","title":{"rendered":"un marathon de lecture place d&rsquo;Alliance"},"content":{"rendered":"<p>Sur la petite place d&rsquo;Alliance, class\u00e9e au patrimoine mondial de l&rsquo;UNESCO, se croiseront deux \u00e9v\u00e8nements : le Livre sur la Place et\u00a0M\u00e9tro&rsquo;folies. La compagnie Les Fruits du Hasard \u00a0profite en effet du salon litt\u00e9raire pour proposer \u00e0 toutes celles et ceux qui le souhaitent de se \u00a0succ\u00e9der pour lire \u00e0 voix haute l&rsquo;int\u00e9gralit\u00e9 du roman\u00a0Th\u00e9r\u00e8se\u00a0Desqueyroux\u00a0de Fran\u00e7ois \u00a0Mauriac.<\/p>\n<p>Des transats confortables seront install\u00e9s pour ceux qui viendront \u00e9couter ce marathon. Rendez-vous le dimanche 14 septembre de 10h \u00e0 17h place d&rsquo;Alliance.<\/p>\n<p>Inscriptions \u00e0 partir du 1er septembre pour la lecture :\u00a0<a href=\"https:\/\/www.ici-c-nancy.fr\/agenda\/922-nancy-un-marathon-de-lecture-place-dalliance\/mailto:fruitsduhas@wanadoo.fr\" rel=\"nofollow noopener\" target=\"_blank\">Cette adresse e-mail est prot\u00e9g\u00e9e contre les robots spammeurs. Vous devez activer le JavaScript pour la visualiser.<\/p>\n","protected":false},"excerpt":{"rendered":"Sur la petite place d&rsquo;Alliance, class\u00e9e au patrimoine mondial de l&rsquo;UNESCO, se croiseront deux \u00e9v\u00e8nements : le Livre&hellip;\n","protected":false},"author":2,"featured_media":367846,"comment_status":"","ping_status":"","sticky":false,"template":"","format":"standard","meta":{"footnotes":""},"categories":[9635],"tags":[1111,11,1777,674,1011,27,775,1702,12,25],"class_list":{"0":"post-367845","1":"post","2":"type-post","3":"status-publish","4":"format-standard","5":"has-post-thumbnail","7":"category-nancy","8":"tag-actu","9":"tag-actualites","10":"tag-eu","11":"tag-europe","12":"tag-fr","13":"tag-france","14":"tag-grand-est","15":"tag-nancy","16":"tag-news","17":"tag-republique-francaise"},"share_on_mastodon":{"url":"https:\/\/pubeurope.com\/@fr\/115151048745048484","error":""},"_links":{"self":[{"href":"https:\/\/www.europesays.com\/fr\/wp-json\/wp\/v2\/posts\/367845","targetHints":{"allow":["GET"]}}],"collection":[{"href":"https:\/\/www.europesays.com\/fr\/wp-json\/wp\/v2\/posts"}],"about":[{"href":"https:\/\/www.europesays.com\/fr\/wp-json\/wp\/v2\/types\/post"}],"author":[{"embeddable":true,"href":"https:\/\/www.europesays.com\/fr\/wp-json\/wp\/v2\/users\/2"}],"replies":[{"embeddable":true,"href":"https:\/\/www.europesays.com\/fr\/wp-json\/wp\/v2\/comments?post=367845"}],"version-history":[{"count":0,"href":"https:\/\/www.europesays.com\/fr\/wp-json\/wp\/v2\/posts\/367845\/revisions"}],"wp:featuredmedia":[{"embeddable":true,"href":"https:\/\/www.europesays.com\/fr\/wp-json\/wp\/v2\/media\/367846"}],"wp:attachment":[{"href":"https:\/\/www.europesays.com\/fr\/wp-json\/wp\/v2\/media?parent=367845"}],"wp:term":[{"taxonomy":"category","embeddable":true,"href":"https:\/\/www.europesays.com\/fr\/wp-json\/wp\/v2\/categories?post=367845"},{"taxonomy":"post_tag","embeddable":true,"href":"https:\/\/www.europesays.com\/fr\/wp-json\/wp\/v2\/tags?post=367845"}],"curies":[{"name":"wp","href":"https:\/\/api.w.org\/{rel}","templated":true}]}}