{"id":367847,"date":"2025-09-05T09:46:10","date_gmt":"2025-09-05T09:46:10","guid":{"rendered":"https:\/\/www.europesays.com\/fr\/367847\/"},"modified":"2025-09-05T09:46:10","modified_gmt":"2025-09-05T09:46:10","slug":"roger-bouko-une-legende-de-lhalterophilie-qui-a-marque-lhistoire-du-sport-a-laneuveville-devant-nancy","status":"publish","type":"post","link":"https:\/\/www.europesays.com\/fr\/367847\/","title":{"rendered":"Roger Bouko : une l\u00e9gende de l&rsquo;halt\u00e9rophilie qui a marqu\u00e9 l&rsquo;histoire du sport \u00e0 Laneuveville-devant-Nancy"},"content":{"rendered":"<p>Roger Bouko, figure embl\u00e9matique de l&rsquo;halt\u00e9rophilie, a marqu\u00e9 de son empreinte l&rsquo;histoire du sport \u00e0 Laneuveville-devant-Nancy. Pr\u00e9sident du club depuis 1968, il a r\u00e9volutionn\u00e9 la discipline en y insufflant innovation, inclusion et transmission. Retour sur un parcours exceptionnel. <\/p>\n<p><strong>Roger Bouko<\/strong>, pr\u00e9sident du club d&rsquo;halt\u00e9rophilie de Laneuveville-devant-Nancy depuis 1968, est une l\u00e9gende vivante de ce sport. D\u00e8s ses premi\u00e8res ann\u00e9es \u00e0 la t\u00eate du club, il a apport\u00e9 une vision novatrice, en mettant la transmission au c\u0153ur de son projet. En 1980, il cr\u00e9e la premi\u00e8re \u00e9cole d\u2019halt\u00e9rophilie pour les jeunes de 9 \u00e0 14 ans, une initiative qui ouvre les portes de cette discipline aux g\u00e9n\u00e9rations futures.<\/p>\n<p>En 1985, il fait un pas audacieux en ouvrant le sport aux femmes, \u00e0 une \u00e9poque o\u00f9 celui-ci \u00e9tait exclusivement masculin. Sous sa direction, le club devient, en 1990, le meilleur club fran\u00e7ais pour les f\u00e9minines, un titre qui symbolise son engagement pour l\u2019\u00e9galit\u00e9. Roger ne s\u2019arr\u00eate pas l\u00e0\u00a0: en 1998, le club est sacr\u00e9 meilleur club fran\u00e7ais pour les minimes.<\/p>\n<p>Au-del\u00e0 des distinctions, c\u2019est un h\u00e9ritage humain qu\u2019il laisse. De nombreux athl\u00e8tes, form\u00e9s sous son aile, ont atteint des niveaux nationaux et mondiaux. Apr\u00e8s plus de <strong>57 ans de pr\u00e9sidence,<\/strong> Roger Bouko tire sa r\u00e9v\u00e9rence, mais son empreinte restera \u00e0 jamais grav\u00e9e dans l\u2019histoire de l\u2019halt\u00e9rophilie. Un v\u00e9ritable mod\u00e8le de passion et de d\u00e9vouement que nous raconte Laurent Pilloni dans l&rsquo;ESPRIT SPORTIF.<\/p>\n","protected":false},"excerpt":{"rendered":"Roger Bouko, figure embl\u00e9matique de l&rsquo;halt\u00e9rophilie, a marqu\u00e9 de son empreinte l&rsquo;histoire du sport \u00e0 Laneuveville-devant-Nancy. Pr\u00e9sident du&hellip;\n","protected":false},"author":2,"featured_media":367848,"comment_status":"","ping_status":"","sticky":false,"template":"","format":"standard","meta":{"footnotes":""},"categories":[9635],"tags":[1111,11,1777,674,1011,27,775,1702,12,25],"class_list":{"0":"post-367847","1":"post","2":"type-post","3":"status-publish","4":"format-standard","5":"has-post-thumbnail","7":"category-nancy","8":"tag-actu","9":"tag-actualites","10":"tag-eu","11":"tag-europe","12":"tag-fr","13":"tag-france","14":"tag-grand-est","15":"tag-nancy","16":"tag-news","17":"tag-republique-francaise"},"share_on_mastodon":{"url":"https:\/\/pubeurope.com\/@fr\/115151056779425434","error":""},"_links":{"self":[{"href":"https:\/\/www.europesays.com\/fr\/wp-json\/wp\/v2\/posts\/367847","targetHints":{"allow":["GET"]}}],"collection":[{"href":"https:\/\/www.europesays.com\/fr\/wp-json\/wp\/v2\/posts"}],"about":[{"href":"https:\/\/www.europesays.com\/fr\/wp-json\/wp\/v2\/types\/post"}],"author":[{"embeddable":true,"href":"https:\/\/www.europesays.com\/fr\/wp-json\/wp\/v2\/users\/2"}],"replies":[{"embeddable":true,"href":"https:\/\/www.europesays.com\/fr\/wp-json\/wp\/v2\/comments?post=367847"}],"version-history":[{"count":0,"href":"https:\/\/www.europesays.com\/fr\/wp-json\/wp\/v2\/posts\/367847\/revisions"}],"wp:featuredmedia":[{"embeddable":true,"href":"https:\/\/www.europesays.com\/fr\/wp-json\/wp\/v2\/media\/367848"}],"wp:attachment":[{"href":"https:\/\/www.europesays.com\/fr\/wp-json\/wp\/v2\/media?parent=367847"}],"wp:term":[{"taxonomy":"category","embeddable":true,"href":"https:\/\/www.europesays.com\/fr\/wp-json\/wp\/v2\/categories?post=367847"},{"taxonomy":"post_tag","embeddable":true,"href":"https:\/\/www.europesays.com\/fr\/wp-json\/wp\/v2\/tags?post=367847"}],"curies":[{"name":"wp","href":"https:\/\/api.w.org\/{rel}","templated":true}]}}