{"id":367849,"date":"2025-09-05T09:47:15","date_gmt":"2025-09-05T09:47:15","guid":{"rendered":"https:\/\/www.europesays.com\/fr\/367849\/"},"modified":"2025-09-05T09:47:15","modified_gmt":"2025-09-05T09:47:15","slug":"var-journee-mondiale-de-la-sante-sexuelle","status":"publish","type":"post","link":"https:\/\/www.europesays.com\/fr\/367849\/","title":{"rendered":"Var : Journ\u00e9e mondiale de la sant\u00e9 sexuelle"},"content":{"rendered":"<p>        <a href=\"https:\/\/www.tv83.info\/wp-content\/uploads\/2025\/09\/5726822.jpg\" data-caption=\"\" rel=\"nofollow noopener\" target=\"_blank\"><img loading=\"lazy\" decoding=\"async\" width=\"696\" height=\"696\" class=\"entry-thumb td-modal-image\" src=\"https:\/\/www.europesays.com\/fr\/wp-content\/uploads\/2025\/09\/5726822-696x696.jpg\"   alt=\"\" title=\"5726822\"\/><\/a><\/p>\n<p>Information et pr\u00e9vention doivent \u00eatre privil\u00e9gi\u00e9es.<\/p>\n<p>Ce n\u2019est pas \u00e0 l\u2019h\u00f4pital, mais sous le soleil, Avenue 83, que s\u2019est d\u00e9roul\u00e9e, hier, la journ\u00e9e de sensibilisation consacr\u00e9e \u00e0 la sant\u00e9 sexuelle. Une journ\u00e9e d\u2019\u00e9changes et d\u2019information,<\/p>\n<p><a href=\"https:\/\/www.tv83.info\/wp-content\/uploads\/2025\/09\/IMG_1356-scaled.jpeg\" rel=\"nofollow noopener\" target=\"_blank\"><img fetchpriority=\"high\" decoding=\"async\" class=\"size-medium wp-image-95030\" src=\"https:\/\/www.europesays.com\/fr\/wp-content\/uploads\/2025\/09\/IMG_1356-300x225.jpeg\" alt=\"\" width=\"300\" height=\"225\"  \/><\/a>Le stand du CeGidd83<\/p>\n<p>organis\u00e9e par le Centre gratuit d\u2019information, de d\u00e9pistage et de diagnostic des infections par le VIH, les h\u00e9patites virales et les IST (infections sexuellement transmissibles). Le CeGIDD du Var est pr\u00e9sid\u00e9 par le Dr Marie Garnotel, pr\u00e9sente sur le stand, avec ses partenaires du Planning Familial Varois, et du R\u00e9seau LGBTQIA+Varois.<br \/>De nombreuses associations \u00e9taient \u00e9galement repr\u00e9sent\u00e9es, comme le Collectif Fiert\u00e9 Toulon, SOS Homophobie, AFTPF, Transmission, AIDES, ENIPSE, CRIPS Sud\u2026<br \/>Tous ces acteurs qui interviennent dans le domaine sensible de la sant\u00e9 sexuelle partageaient un m\u00eame objectif\u00a0: alerter sur l\u2019augmentation des infections sexuellement transmissibles, en particulier chez les jeunes, et rappeler que des services anonymes et gratuits existent dans le d\u00e9partement, comme le CeGIDD et le Planning Familial.<\/p>\n<p>\u00c9coute et pr\u00e9vention<\/p>\n<p><a href=\"https:\/\/www.tv83.info\/wp-content\/uploads\/2025\/09\/IMG_1357-scaled.jpeg\" rel=\"nofollow noopener\" target=\"_blank\"><img loading=\"lazy\" decoding=\"async\" class=\"size-medium wp-image-95032\" src=\"https:\/\/www.europesays.com\/fr\/wp-content\/uploads\/2025\/09\/IMG_1357-300x225.jpeg\" alt=\"\" width=\"300\" height=\"225\"  \/><\/a>Le Docteur Garnotel, pr\u00e9sidente du CeGidd : souriante et disponible<\/p>\n<p>L\u2019infection \u00e0 VIH Sida ne fait plus les gros titres, mais reste tr\u00e8s active, avec une augmentation en r\u00e9gion PACA, sp\u00e9cialement dans la tranche d\u2019\u00e2ge 15-25 ans. Il n\u2019y a pas de traitement curatif, ni de vaccin\u00a0: la trith\u00e9rapie, c\u2019est pour la vie\u00a0!<br \/>Les virus de l\u2019h\u00e9patite virale B ou C, se transmettent par le sang et les rapports sexuels, d\u2019ou l\u2019int\u00e9r\u00eat du pr\u00e9servatif\u2026<\/p>\n<p>La syphilis, tr\u00e8s contagieuse, est \u00e9galement en forte augmentation chez les hommes. A un stade avanc\u00e9, elle peut provoquer des atteintes neurologiques graves.<br \/>Les Papillomavirus sont tr\u00e8s contagieux et peuvent provoquer des cancers. Il existe, heureusement, un vaccin pr\u00e9ventif pour les jeunes, filles ou gar\u00e7ons. N\u2019oublions pas les infections \u00e0 Chlamydia,<br \/>ou les Gonoccocies\u2026<\/p>\n<p>Se faire tester est donc une d\u00e9marche responsable, et intelligente\u00a0!<\/p>\n<p>Cette liste, certes, n\u2019est pas exhaustive et manque de romantisme mais r\u00e9ussir sa vie affective demande un minimum de r\u00e9alisme. C\u2019\u00e9tait le but de cette journ\u00e9e mondiale de la sant\u00e9 sexuelle.<\/p>\n<p>Nicole Fau<\/p>\n<p>CeGIDD\u00a0: 04 94 14 50 56<br \/>Planning Familial\u00a0: 04 22 14 54 25<\/p>\n<p><a href=\"https:\/\/www.restosducoeur.org\/associations-departementales\/les-restos-du-coeur-du-var\/\" rel=\"nofollow noopener\" target=\"_blank\"><img decoding=\"async\" style=\"height:70px;width:140px\" src=\"https:\/\/www.europesays.com\/fr\/wp-content\/uploads\/2025\/04\/restos-du-coeur.jpg\"\/><\/a>        <\/p>\n","protected":false},"excerpt":{"rendered":"Information et pr\u00e9vention doivent \u00eatre privil\u00e9gi\u00e9es. Ce n\u2019est pas \u00e0 l\u2019h\u00f4pital, mais sous le soleil, Avenue 83, que&hellip;\n","protected":false},"author":2,"featured_media":367850,"comment_status":"","ping_status":"","sticky":false,"template":"","format":"standard","meta":{"footnotes":""},"categories":[9619],"tags":[1111,11,1777,674,1011,27,12,882,25,2310],"class_list":{"0":"post-367849","1":"post","2":"type-post","3":"status-publish","4":"format-standard","5":"has-post-thumbnail","7":"category-toulon","8":"tag-actu","9":"tag-actualites","10":"tag-eu","11":"tag-europe","12":"tag-fr","13":"tag-france","14":"tag-news","15":"tag-provence-alpes-cote-dazur","16":"tag-republique-francaise","17":"tag-toulon"},"share_on_mastodon":{"url":"https:\/\/pubeurope.com\/@fr\/115151060989133636","error":""},"_links":{"self":[{"href":"https:\/\/www.europesays.com\/fr\/wp-json\/wp\/v2\/posts\/367849","targetHints":{"allow":["GET"]}}],"collection":[{"href":"https:\/\/www.europesays.com\/fr\/wp-json\/wp\/v2\/posts"}],"about":[{"href":"https:\/\/www.europesays.com\/fr\/wp-json\/wp\/v2\/types\/post"}],"author":[{"embeddable":true,"href":"https:\/\/www.europesays.com\/fr\/wp-json\/wp\/v2\/users\/2"}],"replies":[{"embeddable":true,"href":"https:\/\/www.europesays.com\/fr\/wp-json\/wp\/v2\/comments?post=367849"}],"version-history":[{"count":0,"href":"https:\/\/www.europesays.com\/fr\/wp-json\/wp\/v2\/posts\/367849\/revisions"}],"wp:featuredmedia":[{"embeddable":true,"href":"https:\/\/www.europesays.com\/fr\/wp-json\/wp\/v2\/media\/367850"}],"wp:attachment":[{"href":"https:\/\/www.europesays.com\/fr\/wp-json\/wp\/v2\/media?parent=367849"}],"wp:term":[{"taxonomy":"category","embeddable":true,"href":"https:\/\/www.europesays.com\/fr\/wp-json\/wp\/v2\/categories?post=367849"},{"taxonomy":"post_tag","embeddable":true,"href":"https:\/\/www.europesays.com\/fr\/wp-json\/wp\/v2\/tags?post=367849"}],"curies":[{"name":"wp","href":"https:\/\/api.w.org\/{rel}","templated":true}]}}