{"id":367851,"date":"2025-09-05T09:48:14","date_gmt":"2025-09-05T09:48:14","guid":{"rendered":"https:\/\/www.europesays.com\/fr\/367851\/"},"modified":"2025-09-05T09:48:14","modified_gmt":"2025-09-05T09:48:14","slug":"jaurais-ete-fou-de-refuser-toulon-zach-mercer-explique-son-choix-du-rct-plutot-que-celui-du-mhr","status":"publish","type":"post","link":"https:\/\/www.europesays.com\/fr\/367851\/","title":{"rendered":"\u00ab\u00a0J\u2019aurais \u00e9t\u00e9 fou de refuser Toulon\u00a0\u00bb\u00a0: Zach Mercer explique son choix du RCT plut\u00f4t que celui du MHR"},"content":{"rendered":"<p>\n                                                                Zach Mercer, de retour en Top 14 ce week-end et d\u2019entr\u00e9e confront\u00e9 \u00e0 ses anciens co\u00e9quipiers du MHR, raconte comment l\u2019opportunit\u00e9 RCT s\u2019est pr\u00e9sent\u00e9e \u00e0 lui.\n                            <\/p>\n<p>\u00ab\u00a0J\u2019esp\u00e8re que je serai bien accueilli\u00a0\u00bb. Que Zach Mercer ne s\u2019inqui\u00e8te pas trop. Le public montpelli\u00e9rain sera ravi de retrouver son meilleur joueur entre\u00a02021 et\u00a02023, alors que personne ne le connaissait quand Philippe Saint-Andr\u00e9 l\u2019avait fait venir de Bath.<\/p>\n<p>Hasard du calendrier, le g\u00e9nial num\u00e9ro\u00a08 anglais retrouve le Top 14 ce samedi par un match d\u00e8s la premi\u00e8re journ\u00e9e face \u00e0 son ancienne \u00e9quipe. Il portera le maillot toulonnais, cette fois-ci.<\/p>\n<p>Pourquoi avoir choisi le club de la Rade\u00a0? \u00ab\u00a0Pour \u00eatre honn\u00eate, apr\u00e8s ma non-s\u00e9lection pour la Coupe du monde, Toulon m\u2019a approch\u00e9 durant ma premi\u00e8re ann\u00e9e \u00e0 Gloucester [\u2026] J\u2019aurais \u00e9t\u00e9 fou de refuser Toulon avec un tel effectif, un super coach et un endroit \u00e0 part\u00a0\u00bb, assure-t-il <a href=\"https:\/\/www.midilibre.fr\/2025\/09\/03\/jespere-que-je-serai-bien-accueilli-zach-mercer-se-confie-avant-toulon-mhr-et-raconte-ses-deux-dernieres-annees-12905181.php\" target=\"_blank\" rel=\"nofollow noopener\">dans une interview accord\u00e9e \u00e0 Midi Libre<\/a>.<\/p>\n<p>\u00ab\u00a0Je suis une personne qui aime les nouvelles aventures\u00a0\u00bb<\/p>\n<p>Mais un retour \u00e0 Montpellier, n\u2019\u00e9tait-il pas possible\u00a0? \u00ab\u00a0Je suis une personne qui aime les nouvelles aventures. Mon histoire \u00e0 Montpellier \u00e9tait magnifique, avec beaucoup de souvenirs m\u00e9morables. Mais beaucoup de mes amis, comme Brandon Paenga-Amosa ou Titi Lamositele, sont partis. Alors, j\u2019ai voulu cr\u00e9er quelque chose de nouveau ailleurs. Je veux d\u00e9sormais gagner des titres avec Toulon ces trois prochaines ann\u00e9es et je suis tr\u00e8s enthousiaste \u00e0 l\u2019id\u00e9e de ce d\u00e9fi\u00a0\u00bb, explique le natif de Leeds.<\/p>\n<p>\u00ab\u00a0\u00c0 Montpellier, ce sera un moment sp\u00e9cial. J\u2019esp\u00e8re que je serai bien accueilli. J\u2019ai h\u00e2te de revenir, voir des visages familiers. Ma femme et mes enfants seront l\u00e0, je veux qu\u2019ils voient o\u00f9 j\u2019ai jou\u00e9\u00a0\u00bb, conclut-il.<\/p>\n<p>Les retrouvailles auront lieu ce samedi 6\u00a0septembre, \u00e0 19h, au Septeo Stadium.<\/p>\n","protected":false},"excerpt":{"rendered":"Zach Mercer, de retour en Top 14 ce week-end et d\u2019entr\u00e9e confront\u00e9 \u00e0 ses anciens co\u00e9quipiers du MHR,&hellip;\n","protected":false},"author":2,"featured_media":367852,"comment_status":"","ping_status":"","sticky":false,"template":"","format":"standard","meta":{"footnotes":""},"categories":[9619],"tags":[1111,11,1777,674,1011,27,12,882,25,2310],"class_list":{"0":"post-367851","1":"post","2":"type-post","3":"status-publish","4":"format-standard","5":"has-post-thumbnail","7":"category-toulon","8":"tag-actu","9":"tag-actualites","10":"tag-eu","11":"tag-europe","12":"tag-fr","13":"tag-france","14":"tag-news","15":"tag-provence-alpes-cote-dazur","16":"tag-republique-francaise","17":"tag-toulon"},"share_on_mastodon":{"url":"https:\/\/pubeurope.com\/@fr\/115151064522872188","error":""},"_links":{"self":[{"href":"https:\/\/www.europesays.com\/fr\/wp-json\/wp\/v2\/posts\/367851","targetHints":{"allow":["GET"]}}],"collection":[{"href":"https:\/\/www.europesays.com\/fr\/wp-json\/wp\/v2\/posts"}],"about":[{"href":"https:\/\/www.europesays.com\/fr\/wp-json\/wp\/v2\/types\/post"}],"author":[{"embeddable":true,"href":"https:\/\/www.europesays.com\/fr\/wp-json\/wp\/v2\/users\/2"}],"replies":[{"embeddable":true,"href":"https:\/\/www.europesays.com\/fr\/wp-json\/wp\/v2\/comments?post=367851"}],"version-history":[{"count":0,"href":"https:\/\/www.europesays.com\/fr\/wp-json\/wp\/v2\/posts\/367851\/revisions"}],"wp:featuredmedia":[{"embeddable":true,"href":"https:\/\/www.europesays.com\/fr\/wp-json\/wp\/v2\/media\/367852"}],"wp:attachment":[{"href":"https:\/\/www.europesays.com\/fr\/wp-json\/wp\/v2\/media?parent=367851"}],"wp:term":[{"taxonomy":"category","embeddable":true,"href":"https:\/\/www.europesays.com\/fr\/wp-json\/wp\/v2\/categories?post=367851"},{"taxonomy":"post_tag","embeddable":true,"href":"https:\/\/www.europesays.com\/fr\/wp-json\/wp\/v2\/tags?post=367851"}],"curies":[{"name":"wp","href":"https:\/\/api.w.org\/{rel}","templated":true}]}}