{"id":367853,"date":"2025-09-05T09:49:10","date_gmt":"2025-09-05T09:49:10","guid":{"rendered":"https:\/\/www.europesays.com\/fr\/367853\/"},"modified":"2025-09-05T09:49:10","modified_gmt":"2025-09-05T09:49:10","slug":"apres-les-conges-vers-la-fin-de-la-cohue-des-bus-sur-les-rails-du-quartier-des-grisettes-a-montpellier","status":"publish","type":"post","link":"https:\/\/www.europesays.com\/fr\/367853\/","title":{"rendered":"Apr\u00e8s les cong\u00e9s, vers la fin de la cohue des bus sur les rails\u00a0du quartier des Grisettes \u00e0 Montpellier\u00a0?"},"content":{"rendered":"<p>\n                                                                Les cong\u00e9s termin\u00e9s, le quartier des Grisettes semble vouloir reprendre un rythme plus tranquille. La circulation s\u2019apaise, le bruit se fait plus discret et l\u2019air para\u00eet plus respirable. M\u00eame le stationnement redevient plus simple, signe encourageant d\u2019un quotidien qui retrouve un certain \u00e9quilibre.\n                            <\/p>\n<p>Reste un point noir\u00a0: les nombreux aller\u00a0et venues des autocars Blablacar, Ouibus et autres, qui continuent de troubler la fluidit\u00e9 du trafic.<\/p>\n<p>Man\u0153uvres et klaxons<\/p>\n<p>Aux heures de pointe, il n\u2019est pas rare de voir sept ou huit v\u00e9hicules tenter de man\u0153uvrer simultan\u00e9ment dans l\u2019espace qui leur est r\u00e9serv\u00e9. Ces situations g\u00e9n\u00e8rent parfois des embouteillages et une cacophonie de klaxons, renforc\u00e9e par l\u2019impatience des tramways contraints de patienter.<\/p>\n<p>Mais l\u2019horizon s\u2019\u00e9claircit\u00a0: avec la fin des grands d\u00e9placements estivaux, le flux de voyageurs devrait progressivement diminuer. Les habitants esp\u00e8rent que cette accalmie apportera enfin au quartier le calme et la s\u00e9r\u00e9nit\u00e9 qu\u2019il m\u00e9rite.<\/p>\n<p><strong>&gt;\u00a0Correspondant Midi Libre\u00a0: 06\u00a089\u00a049\u00a089\u00a029<\/strong><\/p>\n","protected":false},"excerpt":{"rendered":"Les cong\u00e9s termin\u00e9s, le quartier des Grisettes semble vouloir reprendre un rythme plus tranquille. La circulation s\u2019apaise, le&hellip;\n","protected":false},"author":2,"featured_media":367854,"comment_status":"","ping_status":"","sticky":false,"template":"","format":"standard","meta":{"footnotes":""},"categories":[9599],"tags":[1111,11,1777,674,1011,27,2208,12,2680,25],"class_list":{"0":"post-367853","1":"post","2":"type-post","3":"status-publish","4":"format-standard","5":"has-post-thumbnail","7":"category-montpellier","8":"tag-actu","9":"tag-actualites","10":"tag-eu","11":"tag-europe","12":"tag-fr","13":"tag-france","14":"tag-montpellier","15":"tag-news","16":"tag-occitanie","17":"tag-republique-francaise"},"share_on_mastodon":{"url":"https:\/\/pubeurope.com\/@fr\/115151068494081350","error":""},"_links":{"self":[{"href":"https:\/\/www.europesays.com\/fr\/wp-json\/wp\/v2\/posts\/367853","targetHints":{"allow":["GET"]}}],"collection":[{"href":"https:\/\/www.europesays.com\/fr\/wp-json\/wp\/v2\/posts"}],"about":[{"href":"https:\/\/www.europesays.com\/fr\/wp-json\/wp\/v2\/types\/post"}],"author":[{"embeddable":true,"href":"https:\/\/www.europesays.com\/fr\/wp-json\/wp\/v2\/users\/2"}],"replies":[{"embeddable":true,"href":"https:\/\/www.europesays.com\/fr\/wp-json\/wp\/v2\/comments?post=367853"}],"version-history":[{"count":0,"href":"https:\/\/www.europesays.com\/fr\/wp-json\/wp\/v2\/posts\/367853\/revisions"}],"wp:featuredmedia":[{"embeddable":true,"href":"https:\/\/www.europesays.com\/fr\/wp-json\/wp\/v2\/media\/367854"}],"wp:attachment":[{"href":"https:\/\/www.europesays.com\/fr\/wp-json\/wp\/v2\/media?parent=367853"}],"wp:term":[{"taxonomy":"category","embeddable":true,"href":"https:\/\/www.europesays.com\/fr\/wp-json\/wp\/v2\/categories?post=367853"},{"taxonomy":"post_tag","embeddable":true,"href":"https:\/\/www.europesays.com\/fr\/wp-json\/wp\/v2\/tags?post=367853"}],"curies":[{"name":"wp","href":"https:\/\/api.w.org\/{rel}","templated":true}]}}