{"id":367855,"date":"2025-09-05T09:50:14","date_gmt":"2025-09-05T09:50:14","guid":{"rendered":"https:\/\/www.europesays.com\/fr\/367855\/"},"modified":"2025-09-05T09:50:14","modified_gmt":"2025-09-05T09:50:14","slug":"et-si-un-stade-de-rugby-etait-construit-a-la-place","status":"publish","type":"post","link":"https:\/\/www.europesays.com\/fr\/367855\/","title":{"rendered":"et si un stade de rugby \u00e9tait construit \u00e0 la place ?!"},"content":{"rendered":"<p>            Par<br \/>\n        <strong><br \/>\n            <a href=\"https:\/\/actu.fr\/auteur\/jm-aubert\" title=\"Consulter tous les articles de Jean-Marc Aubert\" target=\"_blank\" rel=\"noopener\">Jean-Marc Aubert<\/a><br \/>\n        <\/strong><\/p>\n<p>        Publi\u00e9 le<\/p>\n<p>            5 sept. 2025 \u00e0 11h28        <\/p>\n<p>Le maire, pr\u00e9sident de la M\u00e9tropole de Montpellier, <strong>Micha\u00ebl Delafosse<\/strong> et <strong>Jean-Pierre Rico<\/strong>, le maire de <strong>P\u00e9rols<\/strong>, vice-pr\u00e9sident de la M\u00e9tropole ne passeront pas les f\u00eates de No\u00ebl et du Jour de l\u2019An ensemble ! En rendant public, ce jeudi soir, que le projet de construction du nouveau stade de football du MHSC \u00e0 P\u00e9rols \u00e9tait officiellement abandonn\u00e9, comme <strong>M\u00e9tropolitain<\/strong> l\u2019a r\u00e9v\u00e9l\u00e9 d\u00e8s 19h, Jean-Pierre Rico a fait sensation, provoquant une onde de choc, des confr\u00e8res ayant repris notre information parlant m\u00eame de \u00ab\u00a0bombe\u00a0\u00bb.<\/p>\n<p>    <a href=\"https:\/\/www.google.com\/maps\/embed?pb=!1m18!1m12!1m3!1d5067.4360812716395!2d3.9382689405115667!3d43.57793019131356!2m3!1f0!2f0!3f0!3m2!1i1024!2i768!4f13.1!3m3!1m2!1s0x12b6a50053951ca9%3A0xe641c4730e40267a!2sCuves%20Gourmandes-Restaurant-Domaine%20de%20Pailletrice%2C%20P%C3%A9rols!5e0!3m2!1sfr!2sfr!4v1757059040479!5m2!1sfr!2sfr\" title=\"Ouvrie le lien\" target=\"_blank\" rel=\"noopener\">Cliquez ici pour visualiser le contenu<\/a><\/p>\n<p class=\" wall-content\">Au-del\u00e0 du volet sportif et de cette \u00ab\u00a0bombe\u00a0\u00bb que, finalement le stade ne d\u00e9m\u00e9nagerait pas du site actuel de la Mosson, mais qu\u2019il serait r\u00e9nov\u00e9 \u00e0 hauteur de 70M\u20ac inject\u00e9s par la Ville de Montpellier, c\u2019est un \u00ab\u00a0tacle politique\u00a0\u00bb digne d\u2019un carton rouge au lendemain d\u2019une interview de Micha\u00ebl Delafosse sur une radio locale, o\u00f9, interrog\u00e9 sur ce feuilleton loin d\u2019\u00eatre termin\u00e9 visiblement, il ne s\u2019est pas montr\u00e9 bavard, laissant juste filtrer qu\u2019une d\u00e9cision serait prise en octobre avec Laurent Nicollin, pr\u00e9sident du MHSC, un club qui \u00e9volue en Ligue 2 cette saison.<\/p>\n<p>Un d\u00e9sir de vengeance<\/p>\n<p class=\" wall-content\">On allait voir ce qu\u2019on allait voir ! Jean-Pierre Rico, sans doute branch\u00e9 sur cette radio locale, ou inform\u00e9 par un ami des propos du maire et pr\u00e9sident de la M\u00e9tropole a saisi la balle au bond, en prenant la mouche, car le maire de P\u00e9rols, gr\u00e2ce \u00e0 de pr\u00e9cieuses antennes secr\u00e8tes dans les sph\u00e8res politiques et sportives \u00e9taient au courant, en revanche, que le mois prochain, Micha\u00ebl Delafosse et Laurent Nicollin annonceraient le choix d\u2019abandonner le futur site de P\u00e9rols et de rester \u00e0 la Mosson, en r\u00e9novant l\u2019actuel stade situ\u00e9 en zone inondable. Des fonds importants pour permettre au MHSC et au stade de sortir la t\u00eate de l\u2019eau\u2026\u00a0<\/p>\n<p class=\" wall-content\">Un d\u00e9sir de vengeance \u00e9tait n\u00e9, Jean-Pierre Rico d\u00e9cidant de griller la politesse au maire et au pr\u00e9sident du MHSC, avec cette opportunit\u00e9 publique et ce jeudi 4 septembre 2025, en d\u00e9but de soir\u00e9e, l\u2019occasion \u00e9tait trop belle : dans son discours lors de l\u2019inauguration des <strong>nouvelles halles des Cuves Gourmandes<\/strong>, \u00e0 P\u00e9rols, Jean-Pierre Rico l\u00e2chait cette \u00ab\u00a0bombe\u00a0\u00bb : le nouveau stade Louis Nicollin ne sera jamais \u00e9difi\u00e9 sur le site du parc des expositions, avenue de la Foire. Un \u00e9lu de la M\u00e9tropole qui souhaite rester anonyme ne cache pas que, \u00ab\u00a0Jean-Pierre Rico n\u2019a pas dig\u00e9r\u00e9 la r\u00e9cente annulation des projets de P\u00e9rols dans le PLUi\u00a0\u00bb. Au cabinet et dans l\u2019entourage du maire de P\u00e9rols, on n\u2019accepte pas \u00ab\u00a0cette d\u00a0\u00bbd\u00e9cision prise en louced\u00e9, alors que la M\u00e9tropole et le pr\u00e9sident du MHSC nous ont impos\u00e9 ce projet de nouveau stade sur notre commune. Et on avait dit oui sans sourciller \u00e0 l\u2019\u00e9poque, MM.Delafosse et Nicollin l\u2019ont oubli\u00e9\u00a0\u00bb.<\/p>\n<p>Vid\u00e9os : en ce moment sur Actu<br \/>\n    <img   decoding=\"async\" loading=\"lazy\" src=\"https:\/\/www.europesays.com\/fr\/wp-content\/uploads\/2025\/09\/0-140-10-960x640-1-960x640.jpeg\" alt=\"Micha\u00ebl Delafosse, avec juste un peu plus loin Jean-Pierre Rico, lors des renforts de la police m\u00e9tropolitaine.\" width=\"960\" height=\"640\"\/><br \/>\n    Micha\u00ebl Delafosse, avec juste un peu plus loin Jean-Pierre Rico, lors des renforts de la police m\u00e9tropolitaine. (\u00a9JMA \/ M\u00e9tropolitain)\u00ab\u00a0Pas question de voter la d\u00e9cision\u00a0\u00bb<\/p>\n<p class=\" wall-content\">Enterr\u00e9 donc ce projet, avec autour du complexe, des commerces et des r\u00e9sidences. Mais le maire de cette commune situ\u00e9e aux portes sud de Montpellier est all\u00e9 plus loin dans son discours : \u00ab\u00a0Alors que le d\u00e9m\u00e9nagement du stade du MHSC concernait ma commune, je n\u2019ai \u00e9t\u00e9 ni consult\u00e9, ni associ\u00e9 \u00e0 cette d\u00e9cision d\u2019abandon, ni d\u2019ailleurs les autres \u00e9lus m\u00e9tropolitains, je l\u2019ai appris par la bande et j\u2019ai eu confirmation que la question de voter 70M\u20ac pour la r\u00e9novation du stade du MHSC sera soumise lors d\u2019un prochain conseil m\u00e9tropolitain. Pas question de la voter, je ne vais pas jeter 70M\u20ac dans la Mosson\u00a0\u00bb, d\u00e9plorant que, \u00ab\u00a0Le pr\u00e9sident de la M\u00e9tropole a d\u00e9cid\u00e9 de cette option sans m\u2019en informer, comme il prend ses d\u00e9cisions tout seul\u2026\u00a0\u00bb<\/p>\n<p>Votre r\u00e9gion, votre actu !<\/p>\n<p>Recevez chaque jour les infos qui comptent pour vous.<\/p>\n<p>\t<a href=\"https:\/\/actu.fr\/newsletter\" class=\"ac-btn ac-btn--corner ac-btn--medium ac-btn--blue800\" target=\"_blank\" rel=\"noopener\">S&rsquo;incrire<\/a><br \/>\n\u00ab\u00a0Pour un stade de rugby\u00a0\u00bb<\/p>\n<p class=\" wall-content\">Avant de\u00a0clore ce discours qui n\u2019est pas pass\u00e9 inaper\u00e7u, Jean-Pierre Rico a pr\u00e9venu :\u00a0\u00ab\u00a0On est donc priv\u00e9 de stade\u00a0football, par contre, je suis pr\u00eat \u00e0 accueillir un stade de rugby, si Mohed Altrad souhaite quitter Montpellier, comme j\u2019en entend parler\u00a0\u00bb. Un appel du pied loin d\u2019\u00eatre volontairement discret via cette proposition all\u00e9chante, voire gourmande dans ces halles bien nomm\u00e9es, qui pr\u00e9figure une troisi\u00e8me mi-temps interminable, \u00e0 six mois des \u00e9lections municipales\u2026 Il va y avoir du sport, comme on dit. Avec des cartons rouges ?<\/p>\n<p class=\" wall-content\">Personnalisez votre actualit\u00e9 en ajoutant vos villes et m\u00e9dias en favori avec <a href=\"https:\/\/moncompte.actu.fr\" title=\"D\u00e9couvez Mon Actu\" rel=\"nofollow noopener\" data-trk=\"{&quot;cta&quot;:{&quot;action&quot;:&quot;https:\\\/\\\/moncompte.actu.fr&quot;,&quot;category&quot;:&quot;mon compte&quot;,&quot;from&quot;:&quot;article footer&quot;,&quot;name&quot;:&quot;Mon actu&quot;,&quot;type&quot;:&quot;cta&quot;}}\" target=\"_blank\">Mon Actu<\/a>.<\/p>\n","protected":false},"excerpt":{"rendered":"Par Jean-Marc Aubert Publi\u00e9 le 5 sept. 2025 \u00e0 11h28 Le maire, pr\u00e9sident de la M\u00e9tropole de Montpellier,&hellip;\n","protected":false},"author":2,"featured_media":367856,"comment_status":"","ping_status":"","sticky":false,"template":"","format":"standard","meta":{"footnotes":""},"categories":[9599],"tags":[1111,11,1777,674,63,1011,27,2208,3434,12,2680,25,60,15064],"class_list":{"0":"post-367855","1":"post","2":"type-post","3":"status-publish","4":"format-standard","5":"has-post-thumbnail","7":"category-montpellier","8":"tag-actu","9":"tag-actualites","10":"tag-eu","11":"tag-europe","12":"tag-football","13":"tag-fr","14":"tag-france","15":"tag-montpellier","16":"tag-municipales-2026","17":"tag-news","18":"tag-occitanie","19":"tag-republique-francaise","20":"tag-sports","21":"tag-stade-de-la-mosson"},"share_on_mastodon":{"url":"https:\/\/pubeurope.com\/@fr\/115151072576214233","error":""},"_links":{"self":[{"href":"https:\/\/www.europesays.com\/fr\/wp-json\/wp\/v2\/posts\/367855","targetHints":{"allow":["GET"]}}],"collection":[{"href":"https:\/\/www.europesays.com\/fr\/wp-json\/wp\/v2\/posts"}],"about":[{"href":"https:\/\/www.europesays.com\/fr\/wp-json\/wp\/v2\/types\/post"}],"author":[{"embeddable":true,"href":"https:\/\/www.europesays.com\/fr\/wp-json\/wp\/v2\/users\/2"}],"replies":[{"embeddable":true,"href":"https:\/\/www.europesays.com\/fr\/wp-json\/wp\/v2\/comments?post=367855"}],"version-history":[{"count":0,"href":"https:\/\/www.europesays.com\/fr\/wp-json\/wp\/v2\/posts\/367855\/revisions"}],"wp:featuredmedia":[{"embeddable":true,"href":"https:\/\/www.europesays.com\/fr\/wp-json\/wp\/v2\/media\/367856"}],"wp:attachment":[{"href":"https:\/\/www.europesays.com\/fr\/wp-json\/wp\/v2\/media?parent=367855"}],"wp:term":[{"taxonomy":"category","embeddable":true,"href":"https:\/\/www.europesays.com\/fr\/wp-json\/wp\/v2\/categories?post=367855"},{"taxonomy":"post_tag","embeddable":true,"href":"https:\/\/www.europesays.com\/fr\/wp-json\/wp\/v2\/tags?post=367855"}],"curies":[{"name":"wp","href":"https:\/\/api.w.org\/{rel}","templated":true}]}}