{"id":367857,"date":"2025-09-05T09:51:14","date_gmt":"2025-09-05T09:51:14","guid":{"rendered":"https:\/\/www.europesays.com\/fr\/367857\/"},"modified":"2025-09-05T09:51:14","modified_gmt":"2025-09-05T09:51:14","slug":"cirque-jeux-de-societe-bonnes-affaires-on-soccupe-comment-sur-rouen-ce-week-end","status":"publish","type":"post","link":"https:\/\/www.europesays.com\/fr\/367857\/","title":{"rendered":"Cirque, jeux de soci\u00e9t\u00e9, bonnes affaires&#8230; On s&rsquo;occupe comment sur Rouen ce week-end\u00a0?"},"content":{"rendered":"<p>            Par<br \/>\n        <strong><br \/>\n            <a href=\"https:\/\/actu.fr\/auteur\/julien-bouteiller\" title=\"Consulter tous les articles de Julien Bouteiller\" target=\"_blank\" rel=\"noopener\">Julien Bouteiller<\/a><br \/>\n        <\/strong><\/p>\n<p>        Publi\u00e9 le<\/p>\n<p>            5 sept. 2025 \u00e0 10h56        <\/p>\n<p>Nous sommes d\u00e9j\u00e0 en septembre, <strong>premier week-end apr\u00e8s la rentr\u00e9e<\/strong>. L\u2019ambiance peut sembler morose pour certains, mais pas question de se laisser abattre par la m\u00e9t\u00e9o quelque peu branlante ni par le blues du retour \u00e0 l\u2019\u00e9cole ou au travail. <a href=\"https:\/\/actu.fr\/normandie\/rouen_76540\" target=\"_blank\" rel=\"noopener\">Rouen (Seine-Maritime)<\/a> <strong>ne manque pas d\u2019id\u00e9es pour s\u2019\u00e9vader<\/strong>. Lesquelles\u2009? La r\u00e9daction de 76actu vous fait sa s\u00e9lection.<\/p>\n<p>Un verre et un jeu\u2009?<\/p>\n<p class=\" wall-content\">Reprendre le rythme, oui, mais en douceur\u2009! Le <strong>tout nouveau bar le Karamel<\/strong>, 22 rue Perci\u00e8re, propose de trinquer tout en d\u00e9couvrant des <strong>jeux de soci\u00e9t\u00e9<\/strong>. Samedi 6\u00a0septembre, \u00e0 partir de 19h00, le lieu pend sa cr\u00e9maill\u00e8re\u2009: cocktails et softs \u00e0 prix r\u00e9duits et animations avec le Bazar du Bizarre. De quoi se d\u00e9tendre et s\u2019amuser. Il est m\u00eame possible d\u2019en profiter le lendemain puisque le bar ouvre aussi le dimanche. Plus d\u2019informations <a href=\"https:\/\/actu.fr\/normandie\/rouen_76540\/ambiance-feutree-et-jeux-de-societe-un-nouveau-bar-debarque-a-rouen-c-est-notre-bar-ideal_63116300.html\" target=\"_blank\" rel=\"noopener\">en cliquant ici<\/a>.<\/p>\n<p>Grand retour du cirque Pinder<\/p>\n<p class=\" wall-content\">Avis aux amateurs de spectacles riches en \u00e9motions, <strong>le cirque Pinder<\/strong> d\u00e9ploie son chapiteau sur l\u2019esplanade Saint-Gervais. Des <strong>artistes internationaux<\/strong> tels que des acrobates et, bien \u00e9videmment,<strong> des clowns<\/strong>, animeront la f\u00eate. Une s\u00e9ance se tient vendredi\u00a05 \u00e0 19h30 puis trois s\u00e9ances par jour se joueront samedi et dimanche. Les tarifs varient de 28 \u00e0 52\u00a0euros. <a href=\"https:\/\/actu.fr\/normandie\/rouen_76540\/apres-le-havre-le-cirque-pinder-fait-son-grand-retour-a-rouen-en-septembre_63094055.html\" target=\"_blank\" rel=\"noopener\">Informations compl\u00e9mentaires ici<\/a>.<\/p>\n<p>Rire et manger\u2009: un combo qui ravit<\/p>\n<p class=\" wall-content\">En cette rentr\u00e9e 2025, <strong>le Fridge-Rouen<\/strong>, seul comedy club de la ville se lance dans une nouvelle activit\u00e9\u2009: le <strong>brunch<\/strong>. Dimanche, chacun pourra commencer \u00e0 s\u2019installer \u00e0 11h30 pour savourer un buffet vari\u00e9 avant de profiter d\u2019un premier spectacle \u00e0 14h, puis d\u2019un second \u00e0 15h30. Le tarif est de 40\u00a0euros. <a href=\"https:\/\/actu.fr\/normandie\/rouen_76540\/bruncher-avec-humour-la-nouvelle-offre-du-comedy-club-le-fridge-a-rouen_63094674.html\" target=\"_blank\" rel=\"noopener\">Plus de d\u00e9tails ici<\/a>.<\/p>\n<p>Refaire sa garde-robe pour la rentr\u00e9e<\/p>\n<p class=\" wall-content\">Ce week-end, la Halle aux Toiles vibrera au rythme de <strong>la No Fast Fashion<\/strong>, une grande friperie au kilo. Samedi\u00a06 de 10h00 \u00e0 19h00 et dimanche 7\u00a0septembre jusqu\u2019\u00e0 18h00, des tonnes de <strong>v\u00eatement vintage<\/strong> et de marques c\u00e9l\u00e8bres comme Levi\u2019s, Nike, Ralph Lauren ou Disney attendent les chasseurs de p\u00e9pites. On vous explique <a href=\"https:\/\/actu.fr\/normandie\/rouen_76540\/deux-bons-plans-a-rouen-pour-s-habiller-pour-la-rentree_63074494.html\" target=\"_blank\" rel=\"noopener\">tout ici<\/a>.<\/p>\n<p>3, 2, 1\u2026 Lumi\u00e8re\u2009!<\/p>\n<p class=\" wall-content\">Pour tous ceux qui pr\u00e9f\u00e8rent profiter du calme de la soir\u00e9e pour sortir, la<strong> fa\u00e7ade de la Cath\u00e9drale<\/strong> continue de s\u2019illuminer jusqu\u2019au 27\u00a0septembre. Vendredi et samedi \u00e0 21h30, le spectacle gratuit alterne entre une pr\u00e9sentation historique et po\u00e9tique sur <strong>l\u2019\u00e9pop\u00e9e Viking<\/strong> et une <strong>projection contemporaine<\/strong> quasi in\u00e9dite o\u00f9 jouent entre elles lignes, formes et couleurs. Plus d\u2019informations <a href=\"https:\/\/actu.fr\/normandie\/rouen_76540\/cathedrale-de-lumiere-a-rouen-revient-avec-un-spectacle-presque-inedit_62698486.html\" target=\"_blank\" rel=\"noopener\">juste ici<\/a>.<\/p>\n<p>Suivez l\u2019actualit\u00e9 de Rouen <a href=\"https:\/\/www.whatsapp.com\/channel\/0029VaKfnf99hXF2ddApFB1D\" target=\"_blank\" rel=\"noopener\">sur notre cha\u00eene WhatsApp<\/a> et <a href=\"https:\/\/www.tiktok.com\/@76actu.fr?lang=fr\" target=\"_blank\" rel=\"noopener\">sur notre compte TikTok<\/a><\/p>\n<p class=\" wall-content\">Personnalisez votre actualit\u00e9 en ajoutant vos villes et m\u00e9dias en favori avec <a href=\"https:\/\/moncompte.actu.fr\" title=\"D\u00e9couvez Mon Actu\" rel=\"nofollow noopener\" data-trk=\"{&quot;cta&quot;:{&quot;action&quot;:&quot;https:\\\/\\\/moncompte.actu.fr&quot;,&quot;category&quot;:&quot;mon compte&quot;,&quot;from&quot;:&quot;article footer&quot;,&quot;name&quot;:&quot;Mon actu&quot;,&quot;type&quot;:&quot;cta&quot;}}\" target=\"_blank\">Mon Actu<\/a>.<\/p>\n<p>                    <script async src=\"\/\/www.tiktok.com\/embed.js\"><\/script><\/p>\n","protected":false},"excerpt":{"rendered":"Par Julien Bouteiller Publi\u00e9 le 5 sept. 2025 \u00e0 10h56 Nous sommes d\u00e9j\u00e0 en septembre, premier week-end apr\u00e8s&hellip;\n","protected":false},"author":2,"featured_media":367858,"comment_status":"","ping_status":"","sticky":false,"template":"","format":"standard","meta":{"footnotes":""},"categories":[9587],"tags":[1111,11,9086,12726,1777,674,652,1011,27,1652,12,5161,25,9590],"class_list":{"0":"post-367857","1":"post","2":"type-post","3":"status-publish","4":"format-standard","5":"has-post-thumbnail","7":"category-rouen","8":"tag-actu","9":"tag-actualites","10":"tag-bon-plan-a-rouen","11":"tag-cathedrale-de-rouen","12":"tag-eu","13":"tag-europe","14":"tag-famille","15":"tag-fr","16":"tag-france","17":"tag-loisirs-culture","18":"tag-news","19":"tag-normandie","20":"tag-republique-francaise","21":"tag-rouen"},"share_on_mastodon":{"url":"https:\/\/pubeurope.com\/@fr\/115151076368195675","error":""},"_links":{"self":[{"href":"https:\/\/www.europesays.com\/fr\/wp-json\/wp\/v2\/posts\/367857","targetHints":{"allow":["GET"]}}],"collection":[{"href":"https:\/\/www.europesays.com\/fr\/wp-json\/wp\/v2\/posts"}],"about":[{"href":"https:\/\/www.europesays.com\/fr\/wp-json\/wp\/v2\/types\/post"}],"author":[{"embeddable":true,"href":"https:\/\/www.europesays.com\/fr\/wp-json\/wp\/v2\/users\/2"}],"replies":[{"embeddable":true,"href":"https:\/\/www.europesays.com\/fr\/wp-json\/wp\/v2\/comments?post=367857"}],"version-history":[{"count":0,"href":"https:\/\/www.europesays.com\/fr\/wp-json\/wp\/v2\/posts\/367857\/revisions"}],"wp:featuredmedia":[{"embeddable":true,"href":"https:\/\/www.europesays.com\/fr\/wp-json\/wp\/v2\/media\/367858"}],"wp:attachment":[{"href":"https:\/\/www.europesays.com\/fr\/wp-json\/wp\/v2\/media?parent=367857"}],"wp:term":[{"taxonomy":"category","embeddable":true,"href":"https:\/\/www.europesays.com\/fr\/wp-json\/wp\/v2\/categories?post=367857"},{"taxonomy":"post_tag","embeddable":true,"href":"https:\/\/www.europesays.com\/fr\/wp-json\/wp\/v2\/tags?post=367857"}],"curies":[{"name":"wp","href":"https:\/\/api.w.org\/{rel}","templated":true}]}}