{"id":367859,"date":"2025-09-05T09:52:13","date_gmt":"2025-09-05T09:52:13","guid":{"rendered":"https:\/\/www.europesays.com\/fr\/367859\/"},"modified":"2025-09-05T09:52:13","modified_gmt":"2025-09-05T09:52:13","slug":"nicolas-mayer-rossignol-maintient-le-suspens-sur-sa-candidature","status":"publish","type":"post","link":"https:\/\/www.europesays.com\/fr\/367859\/","title":{"rendered":"Nicolas Mayer-Rossignol maintient le suspens sur sa candidature"},"content":{"rendered":"<p class=\"article__intro\">Ce vendredi 5 septembre, Nicolas Mayer-Rossignol, le maire de Rouen, organisait sa conf\u00e9rence de presse de rentr\u00e9e. Concernant les \u00e9lections municipales, il assure ne pas encore avoir pris sa d\u00e9cision.<\/p>\n<p>\n      L\u2019actu des r\u00e9gions\n    <\/p>\n<p>\n      Chaque jour, un tour d\u2019horizon des principales infos de toutes les r\u00e9gions.\n    <\/p>\n<p>    France T\u00e9l\u00e9visions utilise votre adresse e-mail afin de vous envoyer la newsletter \u00ab\u00a0L\u2019actu des r\u00e9gions\u00a0\u00bb. Vous pouvez vous d\u00e9sinscrire \u00e0 tout moment via le lien en bas de cette newsletter. <a target=\"_blank\" href=\"https:\/\/www.francetelevisions.fr\/groupe\/confidentialite\/politique-de-confidentialite\/politique-de-confidentialite-de-france-televisions-6503\" rel=\"nofollow noopener\">Notre politique de confidentialit\u00e9<\/a><\/p>\n<p>Ce rendez-vous avec la presse est devenu une habitude. Depuis son \u00e9lection en 2020, Nicolas Mayer-Rossignol invite les journalistes normands quelques jours apr\u00e8s la rentr\u00e9e de septembre.<\/p>\n<p>\u00c0 quelques mois des \u00e9lections municipales qui auront lieu les 15 et 22 mars 2026, le maire a fait le bilan de ses cinq ann\u00e9es pass\u00e9es \u00e0 la t\u00eate de la ville de Rouen. \u00ab\u00a0Cinq ann\u00e9es d&rsquo;action\u00a0\u00bb r\u00e9sume la plaquette distribu\u00e9e aux journalistes.<\/p>\n<p>Mesure phare de cette rentr\u00e9e : <a href=\"http:\/\/france3-regions.franceinfo.fr\/normandie\/seine-maritime\/rouen\/gratuite-des-transports-en-commun-dans-la-metropole-de-rouen-le-mode-d-emploi-pour-en-beneficier-3207275.html?utm_term=Autofeed&amp;utm_medium=Social&amp;utm_source=Facebook&amp;fbclid=IwY2xjawMniEJleHRuA2FlbQIxMABicmlkETE4TGt3Y2xoRVdSR3FMd2xMAR5F9iR2DIuRX4y7cM2MzK4O_eovFLfOuGvwuE5HYQxhAndTY1utLg5acIxwww_aem_hBY4n362d5paRYogBwC-mw#Echobox=1756443682\" target=\"_blank\" rel=\"noopener nofollow\" data-tooltip-url=\"\/normandie\/seine-maritime\/rouen\/gratuite-des-transports-en-commun-dans-la-metropole-de-rouen-le-mode-d-emploi-pour-en-beneficier-3207275.html?utm_term=Autofeed&amp;utm_medium=Social&amp;utm_source=Facebook&amp;fbclid=IwY2xjawMniEJleHRuA2FlbQIxMABicmlkETE4TGt3Y2xoRVdSR3FMd2xMAR5F9iR2DIuRX4y7cM2MzK4O_eovFLfOuGvwuE5HYQxhAndTY1utLg5acIxwww_aem_hBY4n362d5paRYogBwC-mw#Echobox=1756443682\">la gratuit\u00e9 dans les transports publics pour les jeunes de moins de 18 ans. <\/a>Depuis le 1er septembre 2025, les mineurs de la m\u00e9tropole de Rouen Normandie, soit pr\u00e8s de 80 000 personnes, ne paient plus leurs trajets en bus ou en m\u00e9tro.<\/p>\n<p>Questionn\u00e9 sur son intention de se pr\u00e9senter au prochain scrutin, Nicolas Mayer-Rossignol d\u00e9clare ne pas encore avoir pris sa d\u00e9cision. <\/p>\n<p>A deux ans de l&rsquo;\u00e9lection pr\u00e9sidentielle, l&rsquo;ancien Premier secr\u00e9taire du PS, pr\u00e9sident de la M\u00e9tropole de Rouen aurait-il plut\u00f4t des ambitions nationales ? Son \u00e9tat de sant\u00e9 va-t-il peser dans son choix de se pr\u00e9senter une nouvelle fois aux municipales de Rouen ? <\/p>\n<p>En novembre dernier, le maire avait r\u00e9v\u00e9l\u00e9 dans un entretien \u00e0 France 3 Normandie souffrir d&rsquo;un cancer de la vessie.<\/p>\n<p>Lors de cette interview, l&rsquo;homme politique d\u00e9clarait :<\/p>\n<blockquote class=\"ftvi_content_quote\">\n<p class=\"ftvi_citation_quote\">La maladie isole, elle peut abattre, ou au contraire rendre plus fort et plus humain. Moi, \u00e7a a d\u00e9cupl\u00e9 mon engagement public. Sur ces ann\u00e9es, je me suis plus investi et au niveau local, et au niveau national. Et \u00e7a m&rsquo;a probablement aid\u00e9 \u00e0 mieux supporter ce combat contre la maladie.<\/p>\n<p>Nicolas Mayer-Rossignol, maire de Rouen &#8211; novembre 2024<\/p><\/blockquote>\n<p>Du c\u00f4t\u00e9 de la droite,<a href=\"https:\/\/france3-regions.franceinfo.fr\/normandie\/seine-maritime\/rouen\/municipales-2026-a-rouen-marine-caron-prepare-le-terrain-pour-une-candidature-3136057.html\" target=\"_blank\" rel=\"noopener nofollow\" data-tooltip-url=\"https:\/\/france3-regions.franceinfo.fr\/normandie\/seine-maritime\/rouen\/municipales-2026-a-rouen-marine-caron-prepare-le-terrain-pour-une-candidature-3136057.html\"> Marine Caron, actuelle conseill\u00e8re municipale d&rsquo;opposition Horizons, pr\u00e9pare le terrain depuis le printemps dernier<\/a>. Sans se d\u00e9clarer officiellement candidate, elle a re\u00e7u le soutien d&rsquo;Edouard Philippe, lors d&rsquo;une visite \u00e0 Rouen. Le 2 juin dernier, le maire du Havre avait pr\u00e9sent\u00e9 Marine Caron comme la future t\u00eate de liste d&rsquo;un rassemblement de la droite pour les \u00e9lections municipales de mars 2026.<\/p>\n<p>A gauche, LFI et les Ecologistes eux aussi s&rsquo;organisent. En avril dernier, le collectif local de LFI a nomm\u00e9 Maxime Da Silva, candidat aux l\u00e9gislatives en 2022 et Elsa Moutet, militante insoumise, \u00e0 la t\u00eate d&rsquo;un comit\u00e9 de campage afin d\u2019\u00a0\u00bbengager d\u2019\u00e9ventuelles discussions visant \u00e0 aboutir \u00e0 un accord \u00e9lectoral avec d\u2019autres organisations politiques autour de garanties programmatiques claires.\u00a0\u00bb \u00a0<\/p>\n<p>M\u00eame d\u00e9marche du c\u00f4t\u00e9 des Verts qui ont nomm\u00e9 Jean-Michel B\u00e9r\u00e9govoy comme chef de file en mars 2025.<\/p>\n","protected":false},"excerpt":{"rendered":"Ce vendredi 5 septembre, Nicolas Mayer-Rossignol, le maire de Rouen, organisait sa conf\u00e9rence de presse de rentr\u00e9e. Concernant&hellip;\n","protected":false},"author":2,"featured_media":367860,"comment_status":"","ping_status":"","sticky":false,"template":"","format":"standard","meta":{"footnotes":""},"categories":[9587],"tags":[1111,11,1777,674,1011,27,12,5161,25,9590],"class_list":{"0":"post-367859","1":"post","2":"type-post","3":"status-publish","4":"format-standard","5":"has-post-thumbnail","7":"category-rouen","8":"tag-actu","9":"tag-actualites","10":"tag-eu","11":"tag-europe","12":"tag-fr","13":"tag-france","14":"tag-news","15":"tag-normandie","16":"tag-republique-francaise","17":"tag-rouen"},"share_on_mastodon":{"url":"https:\/\/pubeurope.com\/@fr\/115151080175480720","error":""},"_links":{"self":[{"href":"https:\/\/www.europesays.com\/fr\/wp-json\/wp\/v2\/posts\/367859","targetHints":{"allow":["GET"]}}],"collection":[{"href":"https:\/\/www.europesays.com\/fr\/wp-json\/wp\/v2\/posts"}],"about":[{"href":"https:\/\/www.europesays.com\/fr\/wp-json\/wp\/v2\/types\/post"}],"author":[{"embeddable":true,"href":"https:\/\/www.europesays.com\/fr\/wp-json\/wp\/v2\/users\/2"}],"replies":[{"embeddable":true,"href":"https:\/\/www.europesays.com\/fr\/wp-json\/wp\/v2\/comments?post=367859"}],"version-history":[{"count":0,"href":"https:\/\/www.europesays.com\/fr\/wp-json\/wp\/v2\/posts\/367859\/revisions"}],"wp:featuredmedia":[{"embeddable":true,"href":"https:\/\/www.europesays.com\/fr\/wp-json\/wp\/v2\/media\/367860"}],"wp:attachment":[{"href":"https:\/\/www.europesays.com\/fr\/wp-json\/wp\/v2\/media?parent=367859"}],"wp:term":[{"taxonomy":"category","embeddable":true,"href":"https:\/\/www.europesays.com\/fr\/wp-json\/wp\/v2\/categories?post=367859"},{"taxonomy":"post_tag","embeddable":true,"href":"https:\/\/www.europesays.com\/fr\/wp-json\/wp\/v2\/tags?post=367859"}],"curies":[{"name":"wp","href":"https:\/\/api.w.org\/{rel}","templated":true}]}}