{"id":367861,"date":"2025-09-05T09:55:11","date_gmt":"2025-09-05T09:55:11","guid":{"rendered":"https:\/\/www.europesays.com\/fr\/367861\/"},"modified":"2025-09-05T09:55:11","modified_gmt":"2025-09-05T09:55:11","slug":"je-veux-essayer-de-recuperer-nos-droits-un-etudiant-grenoblois-de-20-ans-souhaite-reveiller-la-jeunesse","status":"publish","type":"post","link":"https:\/\/www.europesays.com\/fr\/367861\/","title":{"rendered":"\u00ab\u00a0Je veux essayer de r\u00e9cup\u00e9rer nos droits\u00a0\u00bb, un \u00e9tudiant grenoblois de 20 ans souhaite r\u00e9veiller la jeunesse"},"content":{"rendered":"<p class=\"article__intro\">Plusieurs corps de m\u00e9tiers seront dans la rue mercredi 10 septembre pour contester la politique men\u00e9e par le gouvernement de Fran\u00e7ois Bayrou. Parmi eux, la jeunesse souhaite faire entendre sa voix. \u00c0 20 ans, \u00c9n\u00e9e s&rsquo;appr\u00eate \u00e0 participer \u00e0 sa \u00ab\u00a0premi\u00e8re grande mobilisation\u00a0\u00bb.<\/p>\n<p>\n      La Quotidienne Soci\u00e9t\u00e9\n    <\/p>\n<p>\n      De la vie quotidienne aux grands enjeux, recevez tous les jours les sujets qui font la soci\u00e9t\u00e9 locale, comme la justice, l\u2019\u00e9ducation, la sant\u00e9 et la famille.\n    <\/p>\n<p>    France T\u00e9l\u00e9visions utilise votre adresse e-mail afin de vous envoyer la newsletter \u00ab\u00a0La Quotidienne Soci\u00e9t\u00e9\u00a0\u00bb. Vous pouvez vous d\u00e9sinscrire \u00e0 tout moment via le lien en bas de cette newsletter. <a target=\"_blank\" href=\"https:\/\/www.francetelevisions.fr\/groupe\/confidentialite\/politique-de-confidentialite\/politique-de-confidentialite-de-france-televisions-6503\" rel=\"nofollow noopener\">Notre politique de confidentialit\u00e9<\/a><\/p>\n<p>Nul doute qu&rsquo;ils seront des centaines voire des milliers \u00e0 porter leurs revendications dans la rue mercredi 10 septembre. Parmi les jeunes et les \u00e9tudiants, beaucoup sont vent debout contre la politique men\u00e9e par le gouvernement de Fran\u00e7ois Bayrou. Et sur le campus de Grenoble, plusieurs actions se pr\u00e9parent en attendant le vote de confiance au Premier ministre pr\u00e9vu ce lundi.<\/p>\n<p>Is\u00e9rois d&rsquo;origine, \u00c9n\u00e9e Di Iorio sera bel et bien dans les rangs des manifestants lors de cette grande journ\u00e9e de mobilisation. \u00c0 seulement 20 ans, le jeune \u00e9tudiant a r\u00e9cemment choisi de rejoindre le syndicat de l&rsquo;Union \u00e9tudiante de Grenoble pour faire entendre sa voix.<\/p>\n<p>Apr\u00e8s avoir effectu\u00e9 ses classes au coll\u00e8ge de Villard-de-Lans, le jeune homme a choisi de s&rsquo;\u00e9loigner du lyc\u00e9e du plateau du Vercors \u00ab\u00a0o\u00f9 il n&rsquo;y a que des fils de bourges\u00a0\u00bb (sic) et de privil\u00e9gier une seconde \u00e0 Grenoble, au lyc\u00e9e Vaucanson, pr\u00e8s d&rsquo;un \u00ab\u00a0quartier assez chaud\u00a0\u00bb (sic).<\/p>\n<p>Un changement de cap o\u00f9 il a men\u00e9 ses premi\u00e8res actions avec notamment \u00ab\u00a0quelques blocus\u00a0\u00bb. \u00c0 l\u2019\u00e9poque, en 2022, le jeune lyc\u00e9en et ses camarades de classe pestaient contre \u00ab\u00a0la s\u00e9lection \u00e0 l&rsquo;universit\u00e9\u00a0\u00bb. Quelques poubelles devant les grilles de l&rsquo;\u00e9tablissement et un barrage filtrant, mais encore aucun engagement aupr\u00e8s des syndicats de jeunes.<\/p>\n<p>Lors de son entr\u00e9e \u00e0 l&rsquo;universit\u00e9 Grenoble Alpes pour un BUT informatique, \u00c9n\u00e9e Di Iorio s&rsquo;est retrouv\u00e9 sur un b\u00e2timent loin du campus, situ\u00e9 pr\u00e8s de la gare. S&rsquo;il se joignait r\u00e9guli\u00e8rement au cort\u00e8ge des manifestations contre les retraites, le jeune homme n&rsquo;avait pas fait le choix d&rsquo;adh\u00e9rer \u00e0 un syndicat \u00e9tudiant. \u00ab\u00a0Je regardais un peu ce qui se passait, mais sans plus. Il faut dire que l&rsquo;IUT est tr\u00e8s d\u00e9politisant. On ne nous parle pas de politique, mais uniquement du monde du travail\u00a0\u00bb, regrette-t-il.<\/p>\n<blockquote class=\"ftvi_content_quote\">\n<p class=\"ftvi_citation_quote\">Je me souviens de ces manifestations o\u00f9 mes parents et moi se barrions en poussette avant l&rsquo;arriv\u00e9e des flics.<\/p>\n<p>\u00c9n\u00e9e Di Iori, \u00e9tudiant militant<\/p><\/blockquote>\n<p>Fils d&rsquo;une m\u00e8re secr\u00e9taire ind\u00e9pendante et d&rsquo;un p\u00e8re ing\u00e9nieur dans le secteur de l&rsquo;\u00e9nergie, \u00c9n\u00e9e n&rsquo;a pas grandi dans les pas de militants syndicalistes. M\u00eame s&rsquo;il se rem\u00e9more ses premi\u00e8res mobilisations o\u00f9 ses parents et lui \u00ab\u00a0se barraient en poussette \u00e0 la fin\u00a0\u00bb pour \u00e9viter le tumulte lors de l&rsquo;intervention des forces de l&rsquo;ordre.<\/p>\n<p>En internat depuis ses 15 ans, le jeune homme s&rsquo;est finalement politis\u00e9 seul. Non pas par le biais des m\u00e9dias ou des r\u00e9seaux sociaux dont il n&rsquo;est pas un utilisateur, mais davantage en discutant avec ses camarades de classe.<\/p>\n<p>C&rsquo;est finalement lors de son arriv\u00e9e sur le campus \u00e0 la rentr\u00e9e pour sa premi\u00e8re ann\u00e9e de licence en math\u00e9matiques et informatique appliqu\u00e9es aux sciences humaines et sociales (MIASHS), qu&rsquo;\u00c9n\u00e9e s&rsquo;est dirig\u00e9 vers l&rsquo;Union \u00e9tudiante de Grenoble, le syndicat majoritaire des \u00e9tudiants. Adh\u00e9rent depuis seulement quelques jours, il sensibilise d\u00e9j\u00e0 ses camarades pour les inciter \u00e0 porter la voix de cette jeunesse.<\/p>\n<p><a data-article-figure=\"\" href=\"https:\/\/france3-regions.franceinfo.fr\/image\/iKcoFY4iSRNBq4AqLHqRXfZmaGc\/1600x900\/regions\/2025\/09\/04\/whatsapp-image-2025-09-04-at-17-41-51-1-68b9b3df28bf0319656713.jpg\" data-pswp-width=\"1600\" data-pswp-height=\"900\" target=\"_blank\" rel=\"nofollow noopener\"><\/p>\n<p>          <img width=\"600\" height=\"400\" class=\"article-image lazy\" data-src=\"https:\/\/www.europesays.com\/fr\/wp-content\/uploads\/2025\/09\/whatsapp-image-2025-09-04-at-17-41-51-1-68b9b3df28bf0319656713.jpg\" alt=\"A quelques jours de la journ\u00e9e de mobilisation pr\u00e9vue le mercredi 10 septembre, le syndicat de l'Union \u00e9tudiante de Grenoble recueille de nombreuses adh\u00e9sions sur le campus.\" fetchpriority=\"high\" as=\"image\"\/><\/p>\n<p>\n            A quelques jours de la journ\u00e9e de mobilisation pr\u00e9vue le mercredi 10 septembre, le syndicat de l&rsquo;Union \u00e9tudiante de Grenoble recueille de nombreuses adh\u00e9sions sur le campus.<br \/>\n                           \u2022<br \/>\n                                      \u00a9 FTV\n                      <\/p>\n<p><\/a><\/p>\n<p>Aujourd&rsquo;hui, \u00c9n\u00e9e Di Iorio a choisi de franchir le pas et de participer au sein d&rsquo;un collectif \u00e0 sa \u00ab\u00a0premi\u00e8re grande mobilisation\u00a0\u00bb. \u00ab\u00a0Je veux essayer de r\u00e9cup\u00e9rer nos droits, tous ceux que l&rsquo;on a perdus pendant les 8 ans de Macron\u00a0\u00bb, s&rsquo;exclame-t-il. Dans ses premi\u00e8res revendications : \u00ab\u00a0Mettre fin \u00e0 Parcoursup, avoir des bourses \u00e0 peu pr\u00e8s dignes pour que l&rsquo;on puisse tous se nourrir et se loger\u00a0\u00bb.<\/p>\n<p>Encore boursier l&rsquo;an pass\u00e9, le jeune homme a d\u00fb faire une croix sur ses 160 euros mensuels<strong> <\/strong>pour cette nouvelle rentr\u00e9e scolaire. \u00ab\u00a0Je suis oblig\u00e9 de travailler 8 heures par semaine \u00e0 c\u00f4t\u00e9, dans une entreprise d&rsquo;informatique\u00a0\u00bb, relate \u00c9n\u00e9e.<\/p>\n<p>Au-del\u00e0 du cas des \u00e9tudiants, celui qui se d\u00e9crit comme proche de La France Insoumise d\u00e9nonce aussi une r\u00e9forme des retraites in\u00e9gale et une d\u00e9gradation des services publics \u00e0 l&rsquo;instar du syst\u00e8me de sant\u00e9. \u00ab\u00a0Par exemple, sur Grenoble, je n&rsquo;ai pas de m\u00e9decin traitant. Je suis oblig\u00e9 de remonter dans le Vercors pour avoir un rendez-vous sous une semaine\u00a0\u00bb, d\u00e9plore-t-il.<\/p>\n<p>Ainsi, il esp\u00e8re que la mobilisation du mercredi 10 septembre sera tr\u00e8s suivie et qu&rsquo;elle permettra de faire bouger les lignes. \u00c9n\u00e9e esp\u00e8re dans un coin de sa t\u00eate, \u00ab\u00a0a minima une dissolution de l&rsquo;Assembl\u00e9e voire pourquoi pas une d\u00e9mission du pr\u00e9sident\u00a0\u00bb. Lui qui \u00ab\u00a0n&rsquo;a vu que du Macron\u00a0\u00bb depuis la fin de sa scolarit\u00e9 souhaite voir autre chose car \u00ab\u00a0d&rsquo;ici 2027, il a le temps de faire beaucoup de choses encore. Il faut qu&rsquo;il d\u00e9gage et vite !\u00a0\u00bb<\/p>\n<p>Une chose est s\u00fbre, \u00c9n\u00e9e sera sur le campus, puis dans la rue ce mercredi 10 septembre pour faire entendre sa col\u00e8re. Une assembl\u00e9e g\u00e9n\u00e9rale doit se tenir entre les diff\u00e9rents syndicats \u00e9tudiants grenoblois \u00e0 la veille de cette journ\u00e9e de mobilisation pour d\u00e9finir les actions \u00e0 mener. Pour l&rsquo;heure, le sc\u00e9nario privil\u00e9gi\u00e9 est celui de plusieurs points de blocage au niveau des entr\u00e9es des diff\u00e9rentes facult\u00e9s.<\/p>\n","protected":false},"excerpt":{"rendered":"Plusieurs corps de m\u00e9tiers seront dans la rue mercredi 10 septembre pour contester la politique men\u00e9e par le&hellip;\n","protected":false},"author":2,"featured_media":367862,"comment_status":"","ping_status":"","sticky":false,"template":"","format":"standard","meta":{"footnotes":""},"categories":[9566],"tags":[1111,11,2430,1777,674,1011,27,2731,12,25],"class_list":{"0":"post-367861","1":"post","2":"type-post","3":"status-publish","4":"format-standard","5":"has-post-thumbnail","7":"category-grenoble","8":"tag-actu","9":"tag-actualites","10":"tag-auvergne-rhone-alpes","11":"tag-eu","12":"tag-europe","13":"tag-fr","14":"tag-france","15":"tag-grenoble","16":"tag-news","17":"tag-republique-francaise"},"share_on_mastodon":{"url":"https:\/\/pubeurope.com\/@fr\/115151092047502075","error":""},"_links":{"self":[{"href":"https:\/\/www.europesays.com\/fr\/wp-json\/wp\/v2\/posts\/367861","targetHints":{"allow":["GET"]}}],"collection":[{"href":"https:\/\/www.europesays.com\/fr\/wp-json\/wp\/v2\/posts"}],"about":[{"href":"https:\/\/www.europesays.com\/fr\/wp-json\/wp\/v2\/types\/post"}],"author":[{"embeddable":true,"href":"https:\/\/www.europesays.com\/fr\/wp-json\/wp\/v2\/users\/2"}],"replies":[{"embeddable":true,"href":"https:\/\/www.europesays.com\/fr\/wp-json\/wp\/v2\/comments?post=367861"}],"version-history":[{"count":0,"href":"https:\/\/www.europesays.com\/fr\/wp-json\/wp\/v2\/posts\/367861\/revisions"}],"wp:featuredmedia":[{"embeddable":true,"href":"https:\/\/www.europesays.com\/fr\/wp-json\/wp\/v2\/media\/367862"}],"wp:attachment":[{"href":"https:\/\/www.europesays.com\/fr\/wp-json\/wp\/v2\/media?parent=367861"}],"wp:term":[{"taxonomy":"category","embeddable":true,"href":"https:\/\/www.europesays.com\/fr\/wp-json\/wp\/v2\/categories?post=367861"},{"taxonomy":"post_tag","embeddable":true,"href":"https:\/\/www.europesays.com\/fr\/wp-json\/wp\/v2\/tags?post=367861"}],"curies":[{"name":"wp","href":"https:\/\/api.w.org\/{rel}","templated":true}]}}