{"id":367863,"date":"2025-09-05T09:56:11","date_gmt":"2025-09-05T09:56:11","guid":{"rendered":"https:\/\/www.europesays.com\/fr\/367863\/"},"modified":"2025-09-05T09:56:11","modified_gmt":"2025-09-05T09:56:11","slug":"mouvement-du-10-septembre-bruno-retailleau-redoute-des-actions-spectaculaires-le-figaro","status":"publish","type":"post","link":"https:\/\/www.europesays.com\/fr\/367863\/","title":{"rendered":"Mouvement du 10 septembre : Bruno Retailleau redoute des \u00abactions spectaculaires\u00bb &#8211; Le Figaro"},"content":{"rendered":"<ol>\n<li><a href=\"https:\/\/news.google.com\/rss\/articles\/CBMixAFBVV95cUxOX0EtcVFjWnJqamlsdWhBQ2JpSEFsamlWRTN4eUhFVkF5TFJQazlJZTBIeVpTN3dabnRnRHFPTzZZUE5fTXAtTzRWS0RJQ0VNbElwQlUzTW91dFNhek8wMWhieERfcmNNZUpLZ194M0lCUmZfOUVIUEZmRnI2bEdCZzkxSTJ6Vl9lMXA5YVl5TjM2V19wTjhFdzlmb09hZTRJSGI5RllwVWtpMlIyQU1GSDJOZEU3bldxd0F0QlJOT1BLeGds?oc=5\" target=\"_blank\" rel=\"noopener\">Mouvement du 10 septembre : Bruno Retailleau redoute des \u00abactions spectaculaires\u00bb<\/a>&nbsp;&nbsp;Le Figaro<\/li>\n<li><a href=\"https:\/\/news.google.com\/rss\/articles\/CBMiggJBVV95cUxNT1dZSjZNUzYyTW5BY3lQMGRnQkphaHdzUXRZcGNVVDhrZVU4Y2tQS1ZUR2JiRmMxRExfd2MtNU5mM3Fyem1HeWpNbTlaY3czVnVnTTY2azh4S1pKblBtX3Y2U205TU9jdlRDdjZLVUp0d0NuS3lINFZhM0RLeHFVUFpjRWNQQUxIVlQ2eUFDZ2RlM2YtTnotR3NsdUhRQ3E2SUQwVTlLYkcxb19TdnRKNTl5cHFvT0FmN0x1bGRPSmhUYkhsR3RlbmpCOXF0QXVyUnUtZkk2SHNqc2xSZU1US2YtVXQ2UWxVV2M2VHJxdDY4TWVJZzgwYXA4b3h6NHM3WEE?oc=5\" target=\"_blank\" rel=\"noopener\">\u00ab Bloquons tout \u00bb le 10 septembre : ce que contient la note de Bruno Retailleau aux pr\u00e9fets<\/a>&nbsp;&nbsp;Ouest-France<\/li>\n<li><a href=\"https:\/\/news.google.com\/rss\/articles\/CBMi5wFBVV95cUxPaVUxTEItaV9uU0JoeWx0V1VBYm12NEsxejRLWU1Sei1Fd1Y3NTVPYTNGSHU0UllIWFk5VURQSkhQYTRmNndfaWg4bUxXbG93TS1VbGNsTkVNOTQtSEtKZEhRTFpZdlFjT0pkdXZ0bzZ1c2tTYk1TQWRZLVBNdDU1NmFTRlNfbEhSamg2bWxKU1NNSERrMlBzck9LZlBtbkhNYnpJdXpsS2VkZXZuWTQtYnRsY1NjUlNQT0FtcXVERE9BamVKVGVRVExZVGtMUC16N3NlajNNTlpfQ0hLdW9NMXowdk5iX0U?oc=5\" target=\"_blank\" rel=\"noopener\">\u00ab\u00a0Bloquer tout, c&rsquo;est stupide\u00a0\u00bb: Bruno Retailleau dit ne pas \u00ab\u00a0avoir peur\u00a0\u00bb du mouvement du 10 septembre<\/a>&nbsp;&nbsp;BFMTV<\/li>\n<li><a href=\"https:\/\/news.google.com\/rss\/articles\/CBMisAFBVV95cUxQUlBTQWw5QUZlcE16WHl4SkFZZDBDWkpWYndTVGNXR3RSWWt0NURNTTVnS2dVeW1CSlozYlVyNm5JUm11SmdhQ1d5YzZPX1h1SmRiRWl0WnRKVllFXzV6OTg1QTlkYmFzak5iZGdYa2RDMzNsLUdLN2NLSkU0aDctVDJrRXl5N0FsM0lKWkVWX0gtbVF0OG1mbUhEeHJMZ0Nubno4amZpRTF2TElmeEdIVdIBtgFBVV95cUxPM3VlaWhJZnJicDhpVHJuMzhSUkhrUmpIN0Z3ZER3dkM5Zm5TbWFGb0t5MHV0bmpMTURfVVJVbzFCWUpsdlhka0UySWRRNXdHYWVkRWZabVlVUEFHaFIyb3dpYVZNdWtRVXhKU0ZzY3pXUXoxUF9hVndPbHIwVUV0TFdwZlllTVQ5LVU4alYzSUx1RDlueTFlOVVsUFlCM0JpZmNYUlB3dWpKRFBseGNGa3UwUDI4Zw?oc=5\" target=\"_blank\" rel=\"noopener\">\u00abBloquons tout\u00bb : gares, a\u00e9roports, d\u00e9p\u00f4ts p\u00e9troliers, centrales \u00e9lectriques&#8230; Le minist\u00e8re de l&rsquo;Int\u00e9rieur appelle \u00e0 une vigilance renforc\u00e9e partout en France le 10 septembre<\/a>&nbsp;&nbsp;CNews<\/li>\n<\/ol>\n","protected":false},"excerpt":{"rendered":"Mouvement du 10 septembre : Bruno Retailleau redoute des \u00abactions spectaculaires\u00bb&nbsp;&nbsp;Le Figaro \u00ab Bloquons tout \u00bb le 10&hellip;\n","protected":false},"author":2,"featured_media":367864,"comment_status":"","ping_status":"","sticky":false,"template":"","format":"standard","meta":{"footnotes":""},"categories":[2821],"tags":[1111,11,829,1013,1777,674,1011,27,1272,12,584,25],"class_list":{"0":"post-367863","1":"post","2":"type-post","3":"status-publish","4":"format-standard","5":"has-post-thumbnail","7":"category-rennes","8":"tag-actu","9":"tag-actualites","10":"tag-bretagne","11":"tag-bruno-retailleau","12":"tag-eu","13":"tag-europe","14":"tag-fr","15":"tag-france","16":"tag-manifestations","17":"tag-news","18":"tag-rennes","19":"tag-republique-francaise"},"share_on_mastodon":{"url":"https:\/\/pubeurope.com\/@fr\/115151095950211539","error":""},"_links":{"self":[{"href":"https:\/\/www.europesays.com\/fr\/wp-json\/wp\/v2\/posts\/367863","targetHints":{"allow":["GET"]}}],"collection":[{"href":"https:\/\/www.europesays.com\/fr\/wp-json\/wp\/v2\/posts"}],"about":[{"href":"https:\/\/www.europesays.com\/fr\/wp-json\/wp\/v2\/types\/post"}],"author":[{"embeddable":true,"href":"https:\/\/www.europesays.com\/fr\/wp-json\/wp\/v2\/users\/2"}],"replies":[{"embeddable":true,"href":"https:\/\/www.europesays.com\/fr\/wp-json\/wp\/v2\/comments?post=367863"}],"version-history":[{"count":0,"href":"https:\/\/www.europesays.com\/fr\/wp-json\/wp\/v2\/posts\/367863\/revisions"}],"wp:featuredmedia":[{"embeddable":true,"href":"https:\/\/www.europesays.com\/fr\/wp-json\/wp\/v2\/media\/367864"}],"wp:attachment":[{"href":"https:\/\/www.europesays.com\/fr\/wp-json\/wp\/v2\/media?parent=367863"}],"wp:term":[{"taxonomy":"category","embeddable":true,"href":"https:\/\/www.europesays.com\/fr\/wp-json\/wp\/v2\/categories?post=367863"},{"taxonomy":"post_tag","embeddable":true,"href":"https:\/\/www.europesays.com\/fr\/wp-json\/wp\/v2\/tags?post=367863"}],"curies":[{"name":"wp","href":"https:\/\/api.w.org\/{rel}","templated":true}]}}